{"id":314,"date":"2016-02-08T20:48:24","date_gmt":"2016-02-08T20:48:24","guid":{"rendered":"http:\/\/www.elcomu.cat\/?p=314"},"modified":"2016-02-09T13:29:06","modified_gmt":"2016-02-09T13:29:06","slug":"beneficis","status":"publish","type":"post","link":"http:\/\/elcomu.cat\/es\/2016\/02\/08\/beneficis\/","title":{"rendered":"Beneficis"},"content":{"rendered":"<p style=\"text-align: justify;\">Volia ampliar aquesta frase que surt en el llibre i en la p\u00e0gina principal d&#8217;aquest mateix web:<\/p>\n<p style=\"text-align: justify;\">\u00abTots els beneficis que s\u2019assoleixin, mitjan\u00e7ant la venda de la versi\u00f3 en paper d\u2019aquest llibre, aniran destinats a la continu\u00eftat de l\u2019estudi i divulgaci\u00f3 de la hist\u00f2ria social popular de Catalunya.\u00bb<!--more--><\/p>\n<p style=\"text-align: justify;\">Alg\u00fa ha demanat aclariments sobre aix\u00f2<sup><a href=\"#beneficis\">1<\/a><\/sup> i \u00e9s important que tot quedi clar. Tant de bo es demanin tamb\u00e9 explicacions m\u00e9s detallades sobre els diversos cap\u00edtols del llibre que no tenen res a veure amb aspectes econ\u00f2mics de la seva edici\u00f3, puix, com apareix a la ressenya del llibre, l&#8217;economicisme \u00e9s un punt central de la nostra societat i em sembla urgent superar aquest condicionament que fa que tot giri al voltant dels diners i no d&#8217;altres aspectes que crec importants pel desenvolupament d&#8217;all\u00f2 que \u00e9s hum\u00e0.<\/p>\n<p style=\"text-align: justify;\">Comen\u00e7ar\u00e9 dient que quan vaig iniciar aquest estudi no tenia cap pretensi\u00f3 de fer un llibre, m\u00e9s aviat un petit article per publicar-ho en un bloc. Per\u00f2 quan vaig veure que les dimensions de l&#8217;estudi superaven les meves expectatives inicials, tot i que en un principi volia nom\u00e9s recollir el seu contingut en un document digital de desc\u00e0rrega gratu\u00efta, algunes persones, amb bon criteri, em van dir que hi ha molts lectors que encara prefereixen llegir en paper. Aix\u00ed que vaig editar el llibre en paper i vaig mantenir la meva pretensi\u00f3 que el llibre pogu\u00e9s ser descarregat gratu\u00eftament en format electr\u00f2nic. \u00d2bviament el llibre en paper t\u00e9 un cost de maquetaci\u00f3, de registre, d&#8217;impressi\u00f3, etc. i la meva economia de treballador assalariat no d\u00f3na per regalar-lo, per\u00f2 com el meu objectiu no \u00e9s guanyar res material sin\u00f3 que el llibre sigui llegit pel nombre m\u00e9s gran de persones possible, vaig pensar que si hi ha beneficis, aquests podien ajudar a assolir l&#8217;objectiu de difusi\u00f3, aix\u00ed com l&#8217;objectiu de continuar amb l&#8217;estudi de la <a href=\"https:\/\/ca.wikipedia.org\/wiki\/Hist%C3%B2ria_des_de_baix\" target=\"_blank\">hist\u00f2ria catalana des de baix<\/a>.<\/p>\n<p style=\"text-align: justify;\">Per altra banda he de dir que el llibre \u00e9s b\u00e0sicament un treball personal, amb la intervenci\u00f3 tamb\u00e9 d&#8217;algunes persones que m&#8217;han ajudat desinteressadament a la seva correcci\u00f3. Fer un estudi d&#8217;aquest tipus, durant gaireb\u00e9 tres anys, requereix despeses en hores i en diners, sobretot en la compra de llibres -llibres descatalogats en botigues de segona m\u00e0 i tamb\u00e9 llibres nous-, aix\u00ed com haver de pagar per exemple el servei de pr\u00e9stec interbibliotecari, la quota per tenir acc\u00e9s a bases de dades d&#8217;obres digitalitzades, etc. Aquestes despeses no s&#8217;han comptabilitzat per calcular si hi haur\u00e0 o no beneficis, puix amb el preu del llibre seria impossible ni tan sols recuperar-les.<\/p>\n<p style=\"text-align: justify;\">Tamb\u00e9 dir que per la meva part l&#8217;estudi i difusi\u00f3 de la hist\u00f2ria catalana des de baix afortunadament no dep\u00e8n d&#8217;aquests possibles beneficis, que si s\u00f3n, seran minsos. Com dic en totes les presentacions que faig, la meva il\u00b7lusi\u00f3 seria que es form\u00e9s un grup popular d&#8217;estudi de la hist\u00f2ria des de baix, tindria la meva aportaci\u00f3 personal, en treball i en ajuda econ\u00f2mica, per exemple els possibles beneficis del llibre. Mentre no arribi la creaci\u00f3 d&#8217;aquest grup de treball continuar\u00e9 aquest estudi en solitari.<\/p>\n<p style=\"text-align: justify;\">Dit aix\u00f2, el llibre, que \u00e9s impr\u00e8s per la impremta El Taller de Barcelona, es distribueix de diverses\u00a0maneres:<\/p>\n<p style=\"text-align: justify; padding-left: 30px;\">1. Aquesta impremta forma part de l&#8217;editorial Descontrol que \u00e9s tamb\u00e9 distribu\u00efdora. Com a distribu\u00efdora lliura els llibres directament a les llibreries de la seva distribuci\u00f3. He decidit que Descontrol es quedi aquests beneficis puix est\u00e0 ajudant en un dels objectius plantejats: que es difongui la hist\u00f2ria catalana des de baix. A m\u00e9s crec en el que fan i valoro molt la seva \u00e8tica i responsabilitat, espero que es mantingui la nostra col\u00b7laboraci\u00f3 durant molt de temps.<br \/>\n2. Altres llibres els compro directament a la impremta i es distribueixen de tres maneres:<\/p>\n<p style=\"text-align: justify; padding-left: 60px;\">a) Els distribueixo directament jo mateix a altres llibreries.<br \/>\nb) Per venda directa, tant en les meves presentacions com a la gent que em demana el llibre des del web.<br \/>\nc) Els lliuro a preu de cost a companys que fan la distribuci\u00f3 per la seva banda. Aix\u00ed que els beneficis igualment s\u00f3n per la gent que est\u00e0 fent aquesta tasca tan important de projecci\u00f3 de la hist\u00f2ria catalana des de baix i que a m\u00e9s s\u00f3n gent compromesa amb el canvi social.<\/p>\n<p style=\"text-align: justify;\">Els beneficis que s&#8217;assoleixin, mitjan\u00e7ant les formes de venda dels punts 2.a i 2.b, aniran destinats a aquest grup de treball que es podria formar, o si no es crea, els invertiria en la compra del material d&#8217;estudi per la publicaci\u00f3 dels pr\u00f2xims treballs, tot i que com ja he dit aix\u00f2 no \u00e9s condici\u00f3 per continuar amb l&#8217;estudi, de fet acabo d&#8217;adquirir en una llibreria de segona m\u00e0 els cinc toms (unes 5.000 p\u00e0gines) del \u00abCostumari catal\u00e0\u00bb de Joan Amades.<\/p>\n<p style=\"text-align: justify;\">Per acabar, sobre el balan\u00e7 de situaci\u00f3 de la venda del llibre en aquests moments hi ha un saldo negatiu d&#8217;uns 450 euros, puix com deixo en dip\u00f2sit els exemplars per la seva distribuci\u00f3 encara no he recuperat aquesta part. Per\u00f2 com dic aix\u00f2 \u00e9s de segon ordre, \u00e9s m\u00e9s important que es conegui la hist\u00f2ria dels que no surten a la hist\u00f2ria, i aix\u00f2 no sols dep\u00e8n d&#8217;uns beneficis econ\u00f2mics.<\/p>\n<p style=\"text-align: justify;\">Espero que amb aix\u00f2 hagi aclarit els dubtes d&#8217;algunes persones.<\/p>\n<p style=\"text-align: justify;\">Salut<\/p>\n<p style=\"text-align: justify;\"><a name=\"beneficis\"><\/a><sup>1<\/sup><a href=\"http:\/\/cooperativa.cat\/ja-ha-sortit-el-llibre-el-comu-catala-la-historia-dels-que-no-surten-a-la-historia\/#comment-32853\" target=\"_blank\">http:\/\/cooperativa.cat\/ja-ha-sortit-el-llibre-el-comu-catala-la-historia-dels-que-no-surten-a-la-historia\/#comment-32853<\/a><\/p>","protected":false},"excerpt":{"rendered":"<p>Volia ampliar aquesta frase que surt en el llibre i en la p\u00e0gina principal d&#8217;aquest mateix web: \u00abTots els beneficis que s\u2019assoleixin, mitjan\u00e7ant la venda de la versi\u00f3 en paper d\u2019aquest llibre, aniran destinats a la continu\u00eftat de l\u2019estudi i divulgaci\u00f3 de la hist\u00f2ria social popular de Catalunya.\u00bb<\/p>","protected":false},"author":1,"featured_media":132,"comment_status":"open","ping_status":"open","sticky":false,"template":"","format":"standard","meta":{"footnotes":""},"categories":[1],"tags":[],"_links":{"self":[{"href":"http:\/\/elcomu.cat\/es\/wp-json\/wp\/v2\/posts\/314"}],"collection":[{"href":"http:\/\/elcomu.cat\/es\/wp-json\/wp\/v2\/posts"}],"about":[{"href":"http:\/\/elcomu.cat\/es\/wp-json\/wp\/v2\/types\/post"}],"author":[{"embeddable":true,"href":"http:\/\/elcomu.cat\/es\/wp-json\/wp\/v2\/users\/1"}],"replies":[{"embeddable":true,"href":"http:\/\/elcomu.cat\/es\/wp-json\/wp\/v2\/comments?post=314"}],"version-history":[{"count":9,"href":"http:\/\/elcomu.cat\/es\/wp-json\/wp\/v2\/posts\/314\/revisions"}],"predecessor-version":[{"id":324,"href":"http:\/\/elcomu.cat\/es\/wp-json\/wp\/v2\/posts\/314\/revisions\/324"}],"wp:featuredmedia":[{"embeddable":true,"href":"http:\/\/elcomu.cat\/es\/wp-json\/wp\/v2\/media\/132"}],"wp:attachment":[{"href":"http:\/\/elcomu.cat\/es\/wp-json\/wp\/v2\/media?parent=314"}],"wp:term":[{"taxonomy":"category","embeddable":true,"href":"http:\/\/elcomu.cat\/es\/wp-json\/wp\/v2\/categories?post=314"},{"taxonomy":"post_tag","embeddable":true,"href":"http:\/\/elcomu.cat\/es\/wp-json\/wp\/v2\/tags?post=314"}],"curies":[{"name":"wp","href":"https:\/\/api.w.org\/{rel}","templated":true}]}}