{"id":398,"date":"2016-04-13T19:05:55","date_gmt":"2016-04-13T19:05:55","guid":{"rendered":"http:\/\/www.elcomu.cat\/?p=398"},"modified":"2016-04-13T19:36:45","modified_gmt":"2016-04-13T19:36:45","slug":"trilogia-sobre-els-bens-comunals","status":"publish","type":"post","link":"http:\/\/elcomu.cat\/es\/2016\/04\/13\/trilogia-sobre-els-bens-comunals\/","title":{"rendered":"Trilogia sobre els b\u00e9ns comunals"},"content":{"rendered":"<p style=\"text-align: justify;\">\u00abLa Linterna de Diogenes\u00bb \u00e9s un programa sobre hist\u00f2ria i filosofia, que s&#8217;emet en les <a href=\"https:\/\/radioslibres.info\/\" target=\"_blank\">ones lliures<\/a> de <a href=\"http:\/\/www.sindominio.net\/irola\/\" target=\"_blank\">Irola Irratia<\/a> de Bilbao tots els dimecres de 19:30 a 21:00 h des de l&#8217;any 2006.<\/p>\n<p style=\"text-align: justify;\">\u00c9s l&#8217;\u00fanic programa de tota la pen\u00ednsula Ib\u00e8rica que tracta sobre la hist\u00f2ria des de baix i trobo a faltar iniciatives similars a Catalunya. Us deixo amb una trilogia que van fer fa uns mesos sobre els b\u00e9ns comunals:<!--more--><\/p>\n<p style=\"text-align: justify;\"><em>LDD &#8211; Comunals &#8211; I &#8211; Sistemes d&#8217;\u00fas i gesti\u00f3 de recursos comunals en l&#8217;Europa Moderna:<\/em><\/p>\n<p style=\"text-align: justify;\">\u00abComencem un cicle dedicat als sistemes d&#8217;\u00fas comunitari de recursos i b\u00e9ns en l&#8217;Europa Preindustrial. En aquest primer cap\u00edtol, parlarem amb J.M. Llana Berasain, Professor de l&#8217;\u00c0rea d&#8217;Hist\u00f2ria i Institucions Econ\u00f2miques de la Universitat P\u00fablica de Navarra, membre de la International Association for the Study of the Commons (IASC), especialitzat en l&#8217;estudi dels sistemes comunals. Juntament amb ell tractarem d&#8217;introduir-nos en el concepte de recurs d&#8217;\u00fas comunal, els tipus de b\u00e9ns comunals en l&#8217;Europa Moderna (boscos, aig\u00fces, pesca, llenya, pastura&#8230;), i la seva gesti\u00f3 per les comunitats. Les regles, usos i costums associats a aquests sistemes, contradiccions&#8230;\u00bb<\/p>\n<p><iframe loading=\"lazy\" id=\"audio_4326705\" style=\"border: 1px solid #EEE; box-sizing: border-box; width: 100%;\" src=\"https:\/\/www.ivoox.com\/player_ej_4326705_4_1.html?c1=ff6600\" width=\"300\" height=\"200\" frameborder=\"0\" scrolling=\"no\" allowfullscreen=\"allowfullscreen\"><\/iframe><\/p>\n<p style=\"text-align: justify;\"><em>LDD &#8211; Comunals &#8211; II &#8211; Boscos i encerclaments:<\/em><\/p>\n<p style=\"text-align: justify;\">\u00abSegon programa del cicle dedicat a la gesti\u00f3 i \u00fas dels b\u00e9ns comunals en l&#8217;Europa Moderna. Aquesta setmana ens introdu\u00efm en els boscos comunals i la import\u00e0ncia dels recursos obtinguts d&#8217;ells. En un temps, no ho oblidem, en qu\u00e8 la fusta era un dels principals materials de construcci\u00f3 i la llenya la principal font d&#8217;energia. Per a aix\u00f2 comptarem amb I\u00f1aki Iriarte Go\u00f1i, professor d&#8217;Hist\u00f2ria i estructura econ\u00f2mica de la Universitat de Saragossa, especialitzat en l&#8217;estudi de les muntanyes i boscos comunals, aix\u00ed com en l&#8217;evoluci\u00f3 de l&#8217;\u00fas de la llenya. Recuperarem un extracte de l&#8217;entrevista que realitzem amb Jos\u00e9 \u00c1ngel Lema de la UPV, sobre la carta dels Boscos a Anglaterra i els processos d&#8217;encerclament Finalment, comptarem amb Felipa S\u00e1nchez Salazar, professora d&#8217;hist\u00f2ria econ\u00f2mica en la UCM, especialitzada en hist\u00f2ria agr\u00e0ria espanyola en l&#8217;edat Moderna. Amb ella tractarem els encerclaments de terres en el cas de la pen\u00ednsula Ib\u00e8rica.\u00bb<\/p>\n<p><iframe loading=\"lazy\" id=\"audio_4372576\" style=\"border: 1px solid #EEE; box-sizing: border-box; width: 100%;\" src=\"https:\/\/www.ivoox.com\/player_ej_4372576_4_1.html?c1=ff6600\" width=\"300\" height=\"200\" frameborder=\"0\" scrolling=\"no\" allowfullscreen=\"allowfullscreen\"><\/iframe><\/p>\n<p style=\"text-align: justify;\"><em>LDD &#8211; Comunals &#8211; III &#8211; La Gran Obra de la Propietat. La consolidaci\u00f3 de la propietat privada moderna:<\/em><\/p>\n<p style=\"text-align: justify;\">\u00abTanquem el cicle sobre b\u00e9ns comunals. I ho fem parlant precisament del triomf de la propietat individual, privada, excloent, lliure, enfront del conjunt de pr\u00e0ctiques col\u00b7lectives a les quals ens hem estat referint aquestes setmanes. De la consolidaci\u00f3 d&#8217;aquest concepte de propietat parlem amb Rosa Congost, catedr\u00e0tica d&#8217;hist\u00f2ria econ\u00f2mica de la Universitat de Girona, especialitzada en hist\u00f2ria agr\u00e0ria i autora de Terres, lleis, hist\u00f2ria. Estudis sobre la gran obra de la propietat. Als segles XVIII i XIX, la burgesia va dur a terme les seves revolucions pol\u00edtiques. Una transformaci\u00f3 de l&#8217;estat, per emmotllar-ho a les necessitats d&#8217;una minoria propiet\u00e0ria. Mitjan\u00e7ant l&#8217;elaboraci\u00f3 d&#8217;un discurs i un concepte de la propietat, abstracte i pretesament universal, aquesta minoria va tractar de legitimar un ordre existent. Al mateix temps, l&#8217;Estat es va transformar, per assegurar els seus interessos, aix\u00ed com garantir el respecte per la propietat privada i el seu lliure \u00fas, que era la font de riquesa d&#8217;aquesta minoria propiet\u00e0ria. A aquest efecte es va desenvolupar un codi penal que persegu\u00eds les violacions d&#8217;aquests drets de propietat, una policia cada vegada m\u00e9s professionalitzada, que defens\u00e9s aquest ordre econ\u00f2mic, un registre de la propietat, una legislaci\u00f3 i un aparell judicial d&#8217;acord amb aquestes necessitats de garantir els interessos d&#8217;aquesta minoria. Aquest llarg cam\u00ed que va impulsar la burgesia, del que l&#8217;estat contemporani i els actuals conceptes sobre la propietat s\u00f3n hereus, emmotllar l&#8217;estat per garantir els seus interessos i aconseguir consagrar els seus drets de propietat enfront dels drets de la resta de la poblaci\u00f3. Aquesta va ser la gran obra de la propietat.\u00bb<\/p>\n<p><iframe loading=\"lazy\" id=\"audio_4393427\" style=\"border: 1px solid #EEE; box-sizing: border-box; width: 100%;\" src=\"https:\/\/www.ivoox.com\/player_ej_4393427_4_1.html?c1=ff6600\" width=\"300\" height=\"200\" frameborder=\"0\" scrolling=\"no\" allowfullscreen=\"allowfullscreen\"><\/iframe><\/p>","protected":false},"excerpt":{"rendered":"<p>\u00abLa Linterna de Diogenes\u00bb \u00e9s un programa sobre hist\u00f2ria i filosofia, que s&#8217;emet en les ones lliures de Irola Irratia de Bilbao tots els dimecres de 19:30 a 21:00 h des de l&#8217;any 2006. \u00c9s l&#8217;\u00fanic programa de tota la pen\u00ednsula Ib\u00e8rica que tracta sobre la hist\u00f2ria des de baix i trobo a faltar iniciatives &hellip;<\/p>","protected":false},"author":1,"featured_media":132,"comment_status":"open","ping_status":"open","sticky":false,"template":"","format":"standard","meta":{"footnotes":""},"categories":[1],"tags":[],"_links":{"self":[{"href":"http:\/\/elcomu.cat\/es\/wp-json\/wp\/v2\/posts\/398"}],"collection":[{"href":"http:\/\/elcomu.cat\/es\/wp-json\/wp\/v2\/posts"}],"about":[{"href":"http:\/\/elcomu.cat\/es\/wp-json\/wp\/v2\/types\/post"}],"author":[{"embeddable":true,"href":"http:\/\/elcomu.cat\/es\/wp-json\/wp\/v2\/users\/1"}],"replies":[{"embeddable":true,"href":"http:\/\/elcomu.cat\/es\/wp-json\/wp\/v2\/comments?post=398"}],"version-history":[{"count":4,"href":"http:\/\/elcomu.cat\/es\/wp-json\/wp\/v2\/posts\/398\/revisions"}],"predecessor-version":[{"id":402,"href":"http:\/\/elcomu.cat\/es\/wp-json\/wp\/v2\/posts\/398\/revisions\/402"}],"wp:featuredmedia":[{"embeddable":true,"href":"http:\/\/elcomu.cat\/es\/wp-json\/wp\/v2\/media\/132"}],"wp:attachment":[{"href":"http:\/\/elcomu.cat\/es\/wp-json\/wp\/v2\/media?parent=398"}],"wp:term":[{"taxonomy":"category","embeddable":true,"href":"http:\/\/elcomu.cat\/es\/wp-json\/wp\/v2\/categories?post=398"},{"taxonomy":"post_tag","embeddable":true,"href":"http:\/\/elcomu.cat\/es\/wp-json\/wp\/v2\/tags?post=398"}],"curies":[{"name":"wp","href":"https:\/\/api.w.org\/{rel}","templated":true}]}}