{"id":420,"date":"2016-05-06T19:37:35","date_gmt":"2016-05-06T19:37:35","guid":{"rendered":"http:\/\/www.elcomu.cat\/?p=420"},"modified":"2016-05-06T19:54:59","modified_gmt":"2016-05-06T19:54:59","slug":"que-hi-ha-darrere-del-foc","status":"publish","type":"post","link":"http:\/\/elcomu.cat\/es\/2016\/05\/06\/que-hi-ha-darrere-del-foc\/","title":{"rendered":"Que hi ha darrere del foc?"},"content":{"rendered":"<p style=\"text-align: justify;\">Durant el comiat de la II Trobada de Reflexi\u00f3 sobre Revoluci\u00f3 Integral, que va tenir lloc a Mazarete, el company gallec <a href=\"https:\/\/www.youtube.com\/watch?v=VbYM5mPSzvA\" target=\"_blank\">Jo\u00e1m Evans Pim<\/a> , comuner de Frox\u00e1n, ens va transmetre la trista not\u00edcia que havia estat atacada la Forest Ve\u00efnal en M\u00e0 Comuna de la seva comunitat. Des d&#8217;aqu\u00ed torno a repetir la meva solidaritat i vull contribuir a donar a con\u00e8ixer aquest vergony\u00f3s succ\u00e9s perpetrat pels psic\u00f2pates de sempre, perqu\u00e8 destruir la vida per sembrar la por nom\u00e9s pot respondre a una\u00a0q\u00fcesti\u00f3 de\u00a0psicopatia. A continuaci\u00f3 el comunicat de la Plataforma <em>ContraMINAci\u00f3n<\/em>.<!--more--><\/p>\n<p style=\"text-align: justify;\">Un incendi intencionat va arrasar m\u00e9s de 9 hect\u00e0rees de la Forest\u00a0Ve\u00efnal amb M\u00e0 Comuna de Frox\u00e1n, en Lousame, situat sobre una concessi\u00f3 minera.<\/p>\n<p style=\"text-align: justify;\">Amb el suport de la societat, la pol\u00edtica de la terra cremada tindr\u00e0 sempre les de perdre enfront de la defensa de la terra i comunitats fortes, cohesionades en les seves justes reivindicacions.<\/p>\n<p style=\"text-align: justify;\"><span style=\"text-decoration: underline;\">Maneig de la muntanya ve\u00efnal, la resposta a moltes necessitats<\/span><\/p>\n<p style=\"text-align: justify;\">La Comunitat Ve\u00efnal de Frox\u00e1n va desenvolupar durant les \u00faltimes d\u00e8cades un lent treball de restauraci\u00f3 guarint les profundes ferides que m\u00e9s d&#8217;un segle de vor\u00e0gine minera per l&#8217;extracci\u00f3 del wolframi i estany van deixar sobre el seu territori: desforestaci\u00f3, contaminaci\u00f3 fluvial, pous miners oberts i muntanyes de residus. En aquest cap de setmana alg\u00fa va voler destruir part d&#8217;aquest esfor\u00e7. La reintroducci\u00f3 d&#8217;esp\u00e8cies aut\u00f2ctones enfront de l&#8217;eucaliptitzaci\u00f3 massiva del territori \u00e9s una de les accions que ve desenvolupant la comunitat i constitueix un mecanisme efectiu de protecci\u00f3 contra els focs.<\/p>\n<p style=\"text-align: justify;\"><span style=\"text-decoration: underline;\">Conflicte d&#8217;interessos<\/span><\/p>\n<p style=\"text-align: justify;\">Encara que va haver-hi incendis en el passat, aquesta \u00e9s la primera vegada que \u00e9s provocat intencionalment a la muntanya de Frox\u00e1n. El ve\u00efnat estima que l&#8217;incendi va esdevenir procurant fer el m\u00e0xim dany possible a trav\u00e9s de l&#8217;elecci\u00f3 del punt i de les condicions ambientals m\u00e9s indicades per portar el foc cap al llogaret i cap a una recent reforestaci\u00f3 amb bedoll, completada la setmana passada.<\/p>\n<p style=\"text-align: justify;\">Aquest fet, que consideren un atemptat, no respon a conflictes entre comunitats o entre ve\u00efns, ni tampoc a qualsevol inter\u00e8s directe per l&#8217;acci\u00f3 del foc sobre el terr\u00e8. En realitat, nom\u00e9s pot ser classificat com a terrorisme ambiental, doncs el seu objectiu \u00faltim i \u00fanic \u00e9s sembrar la por i la impot\u00e8ncia procurant parar els esfor\u00e7os de defensa de la muntanya comunit\u00e0ria enfront dels quals ho ataquen.<\/p>\n<p style=\"text-align: justify;\"><span style=\"text-decoration: underline;\">Solidaritat i vigil\u00e0ncia de <em>ContraMINAcci\u00f3n<\/em><\/span><\/p>\n<p style=\"text-align: justify;\">Com a m\u00e9s val prevenir, la Plataforma <em>ContraMINAci\u00f3n<\/em> transmet la seva m\u00e9s ferma condemna a la destrucci\u00f3 ambiental perpetrada aquest diumenge a la muntanya de la Comunitat de Frox\u00e1n. ContraMINAci\u00f3n expressa el seu suport i solidaritat amb la Comunitat de Frox\u00e1n i activa els seus mecanismes de vigil\u00e0ncia ambiental. Diferents activitats i accions de resposta ja es van engegar.<\/p>\n<p style=\"text-align: justify;\">Aquest atac tamb\u00e9 mostra la capacitat de resposta r\u00e0pida i acci\u00f3 unit\u00e0ria de la comunitat evitant, juntament amb l&#8217;acci\u00f3 determinada dels serveis d&#8217;extinci\u00f3, que el foc produ\u00eds el dany que havien intentat.<\/p>\n<p style=\"text-align: justify;\">Des de la comunitat es va procedir tamb\u00e9 a la den\u00fancia dels fets, que estan penats amb la indemnitzaci\u00f3 dels costos d&#8217;extinci\u00f3 i danys causats i 5 anys de pres\u00f3, i ja est\u00e0 en marxa una recerca, paral\u00b7lela a les accions d&#8217;auto-organitzaci\u00f3 de la comunitat, perqu\u00e8 no torni a passar.<\/p>\n<p style=\"text-align: justify;\">Els col\u00b7lectius que formem ContraMINAci\u00f3n fem a m\u00e9s una crida per incrementar aquest suport, i ens posem a la feina per col\u00b7laborar en la regeneraci\u00f3 immediata del territori atacat amb esp\u00e8cies aut\u00f2ctones. \u00c9s la nostra forma de donar una resposta ferma a aquest covard atac a les comunitats ve\u00efnals i contra l&#8217;ecosistema, vinguin d&#8217;on vinguin.<\/p>\n<p style=\"text-align: justify;\">Font original:\u00a0<a href=\"http:\/\/www.mineriagalicia.org\/2016\/05\/03\/que-hai-detras-do-lume\/\" target=\"_blank\">http:\/\/www.mineriagalicia.org\/2016\/05\/03\/que-hai-detras-do-lume\/<\/a><\/p>\n<p style=\"text-align: justify;\">Altre font:\u00a0<a href=\"https:\/\/www.revolucionintegral.org\/index.php\/blog\/item\/133-que-hay-detras-del-fuego\" target=\"_blank\">https:\/\/www.revolucionintegral.org\/index.php\/blog\/item\/133-que-hay-detras-del-fuego<\/a><\/p>","protected":false},"excerpt":{"rendered":"<p>Durant el comiat de la II Trobada de Reflexi\u00f3 sobre Revoluci\u00f3 Integral, que va tenir lloc a Mazarete, el company gallec Jo\u00e1m Evans Pim , comuner de Frox\u00e1n, ens va transmetre la trista not\u00edcia que havia estat atacada la Forest Ve\u00efnal en M\u00e0 Comuna de la seva comunitat. Des d&#8217;aqu\u00ed torno a repetir la meva &hellip;<\/p>","protected":false},"author":1,"featured_media":132,"comment_status":"open","ping_status":"open","sticky":false,"template":"","format":"standard","meta":{"footnotes":""},"categories":[1],"tags":[],"_links":{"self":[{"href":"http:\/\/elcomu.cat\/es\/wp-json\/wp\/v2\/posts\/420"}],"collection":[{"href":"http:\/\/elcomu.cat\/es\/wp-json\/wp\/v2\/posts"}],"about":[{"href":"http:\/\/elcomu.cat\/es\/wp-json\/wp\/v2\/types\/post"}],"author":[{"embeddable":true,"href":"http:\/\/elcomu.cat\/es\/wp-json\/wp\/v2\/users\/1"}],"replies":[{"embeddable":true,"href":"http:\/\/elcomu.cat\/es\/wp-json\/wp\/v2\/comments?post=420"}],"version-history":[{"count":8,"href":"http:\/\/elcomu.cat\/es\/wp-json\/wp\/v2\/posts\/420\/revisions"}],"predecessor-version":[{"id":428,"href":"http:\/\/elcomu.cat\/es\/wp-json\/wp\/v2\/posts\/420\/revisions\/428"}],"wp:featuredmedia":[{"embeddable":true,"href":"http:\/\/elcomu.cat\/es\/wp-json\/wp\/v2\/media\/132"}],"wp:attachment":[{"href":"http:\/\/elcomu.cat\/es\/wp-json\/wp\/v2\/media?parent=420"}],"wp:term":[{"taxonomy":"category","embeddable":true,"href":"http:\/\/elcomu.cat\/es\/wp-json\/wp\/v2\/categories?post=420"},{"taxonomy":"post_tag","embeddable":true,"href":"http:\/\/elcomu.cat\/es\/wp-json\/wp\/v2\/tags?post=420"}],"curies":[{"name":"wp","href":"https:\/\/api.w.org\/{rel}","templated":true}]}}