{"id":503,"date":"2016-08-12T16:10:49","date_gmt":"2016-08-12T16:10:49","guid":{"rendered":"http:\/\/www.elcomu.cat\/?p=503"},"modified":"2016-08-15T08:39:16","modified_gmt":"2016-08-15T08:39:16","slug":"temps-de-reflexio","status":"publish","type":"post","link":"http:\/\/elcomu.cat\/es\/2016\/08\/12\/temps-de-reflexio\/","title":{"rendered":"Temps de reflexi\u00f3"},"content":{"rendered":"<p class=\"western\" align=\"justify\">Ara que han arribat unes setmanes de descans i que tinc temps de reflexionar i fer un balan\u00e7 dels \u00faltims mesos, des de la sortida del llibre, puc dir que els esdeveniments han superat les meves millors previsions, tenint en compte que es tracta d&#8217;un treball pr\u00e0cticament d&#8217;autoedici\u00f3, fet amb pocs recursos amb un esfor\u00e7 important durant anys i amb una difusi\u00f3 de guerrilla, sense un grup editorial darrere que s&#8217;encarregui de la projecci\u00f3 del llibre.<!--more--><\/p>\n<p class=\"western\" align=\"justify\">S\u00f3n un munt\u00a0de\u00a0presentacions fetes en pocs mesos, on he pogut con\u00e8ixer incomptables persones interessants de col\u00b7lectius molt transversals, que \u00e9s el que m&#8217;agrada, ja que crec que l&#8217;exemple dels nostres avantpassats pot inspirar a molta gent, m\u00e9s enll\u00e0 de les particularitats de pensament de cadasc\u00fa. Per\u00f2 he de parlar de dues experi\u00e8ncies molt significatives per a mi que es van produir el passat mes de juliol.<\/p>\n<p class=\"western\" align=\"justify\"><a href=\"http:\/\/elcomu.cat\/es\/2016\/08\/12\/temps-de-reflexio\/xerrades\/\" rel=\"attachment wp-att-520\"><img loading=\"lazy\" decoding=\"async\" class=\"size-full wp-image-520 aligncenter\" src=\"http:\/\/www.elcomu.cat\/wp-content\/uploads\/2016\/08\/xerrades.png\" alt=\"xerrades\" width=\"936\" height=\"599\" srcset=\"http:\/\/elcomu.cat\/wp-content\/uploads\/2016\/08\/xerrades.png 936w, http:\/\/elcomu.cat\/wp-content\/uploads\/2016\/08\/xerrades-300x192.png 300w, http:\/\/elcomu.cat\/wp-content\/uploads\/2016\/08\/xerrades-768x491.png 768w\" sizes=\"(max-width: 936px) 100vw, 936px\" \/><\/a><\/p>\n<p class=\"western\" align=\"justify\">El 20 de juliol va tenir lloc a Sort la jornada \u00abB\u00e9ns Comunals. Un sistema d\u2019organitzaci\u00f3 del passat per gestionar el present\u00bb, organitzat per la Fundaci\u00f3 del M\u00f3n Rural i l\u2019Institut per al Desenvolupament i la Promoci\u00f3 de l\u2019Alt Pirineu i Aran, en la qual participaven experts en la mat\u00e8ria, com l\u2019historiador Josep Maria Bringu\u00e9 i Portella o el secretari de l\u2019ajuntament de Llavors\u00ed, Jordi Vi\u00f1as, persones de refer\u00e8ncia per a mi. Un company em va comentar d\u2019anar junts i m\u2019hauria encantat per\u00f2 queia en dimecres i les meves responsabilitats no em van permetre viatjar cap al Pallars Sobir\u00e0 des de la Catalunya central. La meva sorpresa va arribar quan es van acabar les jornades i va sortir publicat <a href=\"http:\/\/www.fmr.cat\/ca\/projectes-i-biblioteca\/fons-bibliografic\/informebenscomunals\" target=\"_blank\">l\u2019informe <\/a>de m\u00e9s de cent p\u00e0gines, que tenia fragments del meu llibre i que sortia a la seva bibliografia com a obra de refer\u00e8ncia. Una de les conclusions m\u00e9s importants que surt reflectida en aquest document \u00e9s la proposta de la creaci\u00f3 de <a href=\"http:\/\/www.fmr.cat\/ca\/bens-comunals-un-sistema-dorganitzacio-del-passat-per-gestionar-el-present\" target=\"_blank\">la figura d\u2019\u00abEl Com\u00fa\u00bb<\/a> per <a href=\"http:\/\/www.elpuntavui.cat\/article\/4-economia\/18-economia\/966335-una-nova-gestio-dels-bens-comunals.html\" target=\"_blank\">millorar la governan\u00e7a<\/a> dels b\u00e9ns comunals en zones rurals. Que el llibre aparegui en aquest informe em sembla molt rellevant, at\u00e8s que \u00e9s fet per persones que coneixen molt b\u00e9 l\u2019actualitat, aix\u00ed com el passat, del m\u00f3n rural i dels b\u00e9ns del com\u00fa catal\u00e0.<\/p>\n<p class=\"western\" align=\"justify\"><a href=\"http:\/\/elcomu.cat\/es\/2016\/08\/12\/temps-de-reflexio\/portada\/\" target=\"_blank\" rel=\"attachment wp-att-507\"><img loading=\"lazy\" decoding=\"async\" class=\"aligncenter wp-image-507 size-full\" src=\"http:\/\/www.elcomu.cat\/wp-content\/uploads\/2016\/08\/portada.jpg\" alt=\"portada\" width=\"514\" height=\"659\" srcset=\"http:\/\/elcomu.cat\/wp-content\/uploads\/2016\/08\/portada.jpg 514w, http:\/\/elcomu.cat\/wp-content\/uploads\/2016\/08\/portada-234x300.jpg 234w\" sizes=\"(max-width: 514px) 100vw, 514px\" \/><\/a> <a href=\"http:\/\/elcomu.cat\/es\/2016\/08\/12\/temps-de-reflexio\/bibliografia\/\" target=\"_blank\" rel=\"attachment wp-att-508\"><img loading=\"lazy\" decoding=\"async\" class=\"aligncenter wp-image-508 size-full\" src=\"http:\/\/www.elcomu.cat\/wp-content\/uploads\/2016\/08\/bibliografia.jpg\" alt=\"bibliografia\" width=\"596\" height=\"703\" srcset=\"http:\/\/elcomu.cat\/wp-content\/uploads\/2016\/08\/bibliografia.jpg 596w, http:\/\/elcomu.cat\/wp-content\/uploads\/2016\/08\/bibliografia-254x300.jpg 254w\" sizes=\"(max-width: 596px) 100vw, 596px\" \/><\/a><\/p>\n<p class=\"western\" align=\"justify\">La segona gran experi\u00e8ncia es va produir dos dies despr\u00e9s, el divendres 22 de juliol. Havia estat convidat a fer una presentaci\u00f3 a Tortell\u00e0, durant la celebraci\u00f3 del <a href=\"http:\/\/olottv.xiptv.cat\/les-noticies\/capitol\/un-camp-de-treball-neteja-i-senyalitza-en-dues-setmanes-el-cami-del-comu-de-tortella\" target=\"_blank\">camp de treball dels Camins del Com\u00fa <\/a>d\u2019aquesta poblaci\u00f3. Un <a href=\"http:\/\/www.acjoventut.cat\/CampsDeTreball\/fitxes\/3010.pdf\" target=\"_blank\">projecte<\/a> que tenia l\u2019objectiu que joves vinguts de tota Catalunya durant quinze dies recuperessin i senyalitzessin els camins de la muntanya comunal, aix\u00ed com fessin un estudi hist\u00f2ric sobre aquests b\u00e9ns que havien estat dels ve\u00efns des de temps immemorial i que ara la titularitat requeia directament en l\u2019ajuntament. Quan vaig arribar al poble vaig con\u00e8ixer a l\u2019Epi, membre de la cooperativa Arriant Formaci\u00f3 Lleure, que havia estat el responsable de la idea del camp de treball. Quan em va dir que havia tingut la idea despr\u00e9s de llegir el meu llibre, em vaig quedar bocabadat. Va presentar el projecte a la Generalitat i l\u2019hi van aprovar despr\u00e9s de felicitar-lo per una iniciativa tan brillant. La presentaci\u00f3 va ser molt especial, ja que anava destinada principalment als joves de 14 a 17 anys del camp de treball i va haver-hi algunes intervencions que mai oblidar\u00e9, com quan una noia es preguntava si podr\u00edem recuperar el com\u00fa de ve\u00efns pels pobles i barris de les ciutats. Gent molt jove, el futur del pa\u00eds, estava reflexionant sobre si en el segle XXI podr\u00edem reconstruir el comunal tal com era, \u00e9s a dir com a b\u00e9ns dels ve\u00efns, com un complement per la seva subsist\u00e8ncia.<\/p>\n<p class=\"western\" align=\"justify\"><a href=\"http:\/\/elcomu.cat\/es\/2016\/08\/12\/temps-de-reflexio\/comunsdetortella\/\" rel=\"attachment wp-att-513\"><img loading=\"lazy\" decoding=\"async\" class=\"size-full wp-image-513 aligncenter\" src=\"http:\/\/www.elcomu.cat\/wp-content\/uploads\/2016\/08\/comunsdetortella.png\" alt=\"comunsdetortella\" width=\"775\" height=\"531\" srcset=\"http:\/\/elcomu.cat\/wp-content\/uploads\/2016\/08\/comunsdetortella.png 775w, http:\/\/elcomu.cat\/wp-content\/uploads\/2016\/08\/comunsdetortella-300x206.png 300w, http:\/\/elcomu.cat\/wp-content\/uploads\/2016\/08\/comunsdetortella-768x526.png 768w\" sizes=\"(max-width: 775px) 100vw, 775px\" \/><\/a><\/p>\n<p class=\"western\" align=\"justify\"><a href=\"http:\/\/elcomu.cat\/es\/2016\/08\/12\/temps-de-reflexio\/joves\/\" rel=\"attachment wp-att-511\"><img loading=\"lazy\" decoding=\"async\" class=\"size-full wp-image-511 aligncenter\" src=\"http:\/\/www.elcomu.cat\/wp-content\/uploads\/2016\/08\/joves.jpg\" alt=\"joves\" width=\"960\" height=\"720\" srcset=\"http:\/\/elcomu.cat\/wp-content\/uploads\/2016\/08\/joves.jpg 960w, http:\/\/elcomu.cat\/wp-content\/uploads\/2016\/08\/joves-300x225.jpg 300w, http:\/\/elcomu.cat\/wp-content\/uploads\/2016\/08\/joves-768x576.jpg 768w\" sizes=\"(max-width: 960px) 100vw, 960px\" \/><\/a><\/p>\n<p class=\"western\" align=\"justify\">Imatges del jovent del camp de treball dels Camins del Com\u00fa de Tortell\u00e0 netejant i senyalitzant els camins de la muntanya comunal:<\/p>\n<p class=\"western\" align=\"justify\"><a href=\"http:\/\/elcomu.cat\/es\/2016\/08\/12\/temps-de-reflexio\/img_20160720_102352\/\" rel=\"attachment wp-att-523\"><img loading=\"lazy\" decoding=\"async\" class=\"alignnone size-full wp-image-523\" src=\"http:\/\/www.elcomu.cat\/wp-content\/uploads\/2016\/08\/IMG_20160720_102352.jpg\" alt=\"IMG_20160720_102352\" width=\"1920\" height=\"2560\" srcset=\"http:\/\/elcomu.cat\/wp-content\/uploads\/2016\/08\/IMG_20160720_102352.jpg 1920w, http:\/\/elcomu.cat\/wp-content\/uploads\/2016\/08\/IMG_20160720_102352-225x300.jpg 225w, http:\/\/elcomu.cat\/wp-content\/uploads\/2016\/08\/IMG_20160720_102352-768x1024.jpg 768w\" sizes=\"(max-width: 1920px) 100vw, 1920px\" \/><\/a> <a href=\"http:\/\/elcomu.cat\/es\/2016\/08\/12\/temps-de-reflexio\/img_20160720_115203\/\" rel=\"attachment wp-att-524\"><img loading=\"lazy\" decoding=\"async\" class=\"alignnone size-full wp-image-524\" src=\"http:\/\/www.elcomu.cat\/wp-content\/uploads\/2016\/08\/IMG_20160720_115203.jpg\" alt=\"IMG_20160720_115203\" width=\"1920\" height=\"2560\" srcset=\"http:\/\/elcomu.cat\/wp-content\/uploads\/2016\/08\/IMG_20160720_115203.jpg 1920w, http:\/\/elcomu.cat\/wp-content\/uploads\/2016\/08\/IMG_20160720_115203-225x300.jpg 225w, http:\/\/elcomu.cat\/wp-content\/uploads\/2016\/08\/IMG_20160720_115203-768x1024.jpg 768w\" sizes=\"(max-width: 1920px) 100vw, 1920px\" \/><\/a> <a href=\"http:\/\/elcomu.cat\/es\/2016\/08\/12\/temps-de-reflexio\/img_20160726_110114\/\" rel=\"attachment wp-att-525\"><img loading=\"lazy\" decoding=\"async\" class=\"alignnone size-full wp-image-525\" src=\"http:\/\/www.elcomu.cat\/wp-content\/uploads\/2016\/08\/IMG_20160726_110114.jpg\" alt=\"IMG_20160726_110114\" width=\"2560\" height=\"1920\" srcset=\"http:\/\/elcomu.cat\/wp-content\/uploads\/2016\/08\/IMG_20160726_110114.jpg 2560w, http:\/\/elcomu.cat\/wp-content\/uploads\/2016\/08\/IMG_20160726_110114-300x225.jpg 300w, http:\/\/elcomu.cat\/wp-content\/uploads\/2016\/08\/IMG_20160726_110114-768x576.jpg 768w, http:\/\/elcomu.cat\/wp-content\/uploads\/2016\/08\/IMG_20160726_110114-1024x768.jpg 1024w\" sizes=\"(max-width: 2560px) 100vw, 2560px\" \/><\/a> <a href=\"http:\/\/elcomu.cat\/es\/2016\/08\/12\/temps-de-reflexio\/img_20160726_110634\/\" rel=\"attachment wp-att-526\"><img loading=\"lazy\" decoding=\"async\" class=\"alignnone size-full wp-image-526\" src=\"http:\/\/www.elcomu.cat\/wp-content\/uploads\/2016\/08\/IMG_20160726_110634.jpg\" alt=\"IMG_20160726_110634\" width=\"1920\" height=\"2560\" srcset=\"http:\/\/elcomu.cat\/wp-content\/uploads\/2016\/08\/IMG_20160726_110634.jpg 1920w, http:\/\/elcomu.cat\/wp-content\/uploads\/2016\/08\/IMG_20160726_110634-225x300.jpg 225w, http:\/\/elcomu.cat\/wp-content\/uploads\/2016\/08\/IMG_20160726_110634-768x1024.jpg 768w\" sizes=\"(max-width: 1920px) 100vw, 1920px\" \/><\/a> <a href=\"http:\/\/elcomu.cat\/es\/2016\/08\/12\/temps-de-reflexio\/img_20160727_124247\/\" rel=\"attachment wp-att-527\"><img loading=\"lazy\" decoding=\"async\" class=\"alignnone size-full wp-image-527\" src=\"http:\/\/www.elcomu.cat\/wp-content\/uploads\/2016\/08\/IMG_20160727_124247.jpg\" alt=\"IMG_20160727_124247\" width=\"2560\" height=\"1920\" srcset=\"http:\/\/elcomu.cat\/wp-content\/uploads\/2016\/08\/IMG_20160727_124247.jpg 2560w, http:\/\/elcomu.cat\/wp-content\/uploads\/2016\/08\/IMG_20160727_124247-300x225.jpg 300w, http:\/\/elcomu.cat\/wp-content\/uploads\/2016\/08\/IMG_20160727_124247-768x576.jpg 768w, http:\/\/elcomu.cat\/wp-content\/uploads\/2016\/08\/IMG_20160727_124247-1024x768.jpg 1024w\" sizes=\"(max-width: 2560px) 100vw, 2560px\" \/><\/a><\/p>\n<p class=\"western\" align=\"justify\"><iframe loading=\"lazy\" src=\"https:\/\/drive.google.com\/file\/d\/0BwSf-Q84k0wnSVhnc0V0cXEwaGs\/preview\" width=\"640\" height=\"480\"><\/iframe><\/p>\n<p class=\"western\" align=\"justify\">Va ser preci\u00f3s tot plegat, en una mateixa setmana els coneixedors del passat i present comunal, aix\u00ed com probablement alguns dels joves que donaran forma al futur comunal del pa\u00eds, reconeixien el meu treball i el de tantes generacions que van construir una forma de vida diferent de la nostra, per\u00f2 que sens dubte \u00e9s part de la veritable tradici\u00f3 de les classes populars catalanes. I amb aix\u00f2 volia terminar, parlant de la veritable tradici\u00f3 popular, dels seus costums. Aquesta tradici\u00f3 no sempre ha coincidit amb la tradici\u00f3 catalana que ara reconeguem, de fet a cada lloc existien costums particulars, que naixien des de baix. Hi havia una tradici\u00f3 de les classes benestants i una tradici\u00f3 de les classes populars, la primera es volia imposar a la segona, de la mateixa forma que existia una economia moral de la multitud i una economia moral paternalista de les classes altes, com ens descriu E. P. Thompson, uns dels pares de la hist\u00f2ria des de baix. Durant la presentaci\u00f3 a Tortell\u00e0 vaig mostrar el seg\u00fcent fragment d\u2019un llibre de l\u2019historiador Pere Gifre i Ribas que ajuda a entendre com funcionava aquesta lluita entre el costum i la llei, entre el que neix des de baix i el que neix des de dalt:<\/p>\n<p class=\"western\" align=\"justify\">\u00abEl tancament del cementeri apareix com un manament recurrent en les disposicions del visitador episcopal de 1606 (hi ha un total de cinquanta-dues refer\u00e8ncies). La tardan\u00e7a en la construcci\u00f3 de la tanca (la &#8220;trenta passa&#8221;) explica, tamb\u00e9, que aquest era un espai comunitari: on se celebraven assemblees del com\u00fa o es reunien per a nomenar els obrers -Cam\u00f3s, 1520-, on era estesa la roba -Ma\u00e7anet de Cabrenys, Tortell\u00e0, 1606-, fins i tot on anava a pasturar lliurement el bestiar -Moll\u00f3, Tregur\u00e0, per ex.,1606, si \u00e9s que les herbes no eren arrendades per la mateixa obreria -Sant Miquel de Campmajor, 1444, a Cor\u00e7\u00e0, durant els segles XVI i XVII apareixen refer\u00e8ncies en els llibres de comptes de l&#8217;obra a petites entrades per les herbes del cementeri &#8211; o la universitat.\u00bb (GIFRE, 2012)<\/p>\n<p class=\"western\" align=\"justify\">Cada poble tenia els seus costums i en aquest cas concret els visitadors episcopals o pastorals, enviats pels bisbats, intentaven dirigir als ve\u00efns a complir unes normes que convenien a les classes benestants. Normes caigudes des de dalt que modelaven les conductes, per\u00f2 encara al segle XVII i m\u00e9s enll\u00e0 el poder va haver d\u2019esfor\u00e7ar-se molt per anar apropant-se a l&#8217;homogene\u00eftzaci\u00f3 dels comportaments, necess\u00e0ria per al control social.<\/p>\n<p class=\"western\" align=\"justify\">B\u00e9, ens veiem aviat. El setembre reprendr\u00e9 les presentacions fins a final d\u2019any i espero que durant aquests dies d\u2019estiu les muses m\u2019ensenyin el cam\u00ed del 2017.<\/p>","protected":false},"excerpt":{"rendered":"<p>Ara que han arribat unes setmanes de descans i que tinc temps de reflexionar i fer un balan\u00e7 dels \u00faltims mesos, des de la sortida del llibre, puc dir que els esdeveniments han superat les meves millors previsions, tenint en compte que es tracta d&#8217;un treball pr\u00e0cticament d&#8217;autoedici\u00f3, fet amb pocs recursos amb un esfor\u00e7 &hellip;<\/p>","protected":false},"author":1,"featured_media":132,"comment_status":"open","ping_status":"open","sticky":false,"template":"","format":"standard","meta":{"footnotes":""},"categories":[1],"tags":[],"_links":{"self":[{"href":"http:\/\/elcomu.cat\/es\/wp-json\/wp\/v2\/posts\/503"}],"collection":[{"href":"http:\/\/elcomu.cat\/es\/wp-json\/wp\/v2\/posts"}],"about":[{"href":"http:\/\/elcomu.cat\/es\/wp-json\/wp\/v2\/types\/post"}],"author":[{"embeddable":true,"href":"http:\/\/elcomu.cat\/es\/wp-json\/wp\/v2\/users\/1"}],"replies":[{"embeddable":true,"href":"http:\/\/elcomu.cat\/es\/wp-json\/wp\/v2\/comments?post=503"}],"version-history":[{"count":22,"href":"http:\/\/elcomu.cat\/es\/wp-json\/wp\/v2\/posts\/503\/revisions"}],"predecessor-version":[{"id":535,"href":"http:\/\/elcomu.cat\/es\/wp-json\/wp\/v2\/posts\/503\/revisions\/535"}],"wp:featuredmedia":[{"embeddable":true,"href":"http:\/\/elcomu.cat\/es\/wp-json\/wp\/v2\/media\/132"}],"wp:attachment":[{"href":"http:\/\/elcomu.cat\/es\/wp-json\/wp\/v2\/media?parent=503"}],"wp:term":[{"taxonomy":"category","embeddable":true,"href":"http:\/\/elcomu.cat\/es\/wp-json\/wp\/v2\/categories?post=503"},{"taxonomy":"post_tag","embeddable":true,"href":"http:\/\/elcomu.cat\/es\/wp-json\/wp\/v2\/tags?post=503"}],"curies":[{"name":"wp","href":"https:\/\/api.w.org\/{rel}","templated":true}]}}