{"id":567,"date":"2016-09-27T18:21:10","date_gmt":"2016-09-27T18:21:10","guid":{"rendered":"http:\/\/www.elcomu.cat\/?p=567"},"modified":"2016-09-28T05:18:52","modified_gmt":"2016-09-28T05:18:52","slug":"batzarre-el-govern-del-comu","status":"publish","type":"post","link":"http:\/\/elcomu.cat\/es\/2016\/09\/27\/batzarre-el-govern-del-comu\/","title":{"rendered":"Batzarre, el govern del com\u00fa"},"content":{"rendered":"<p style=\"text-align: justify;\">El dimarts passat, a la presentaci\u00f3 que vaig fer a Terrassa, vaig tenir un assistent molt especial, l\u2019amic i escriptor <a href=\"http:\/\/www.euskomedia.org\/aunamendi\/107601\" target=\"_blank\">Pablo Sastre Forest<\/a>, que va venir a Catalunya per passar uns dies i visitar diversos projectes basats en l\u2019economia col\u00b7lectiva i l\u2019autogovern popular. Pablo \u00e9s fill del dramaturg madrileny <a href=\"https:\/\/ca.wikipedia.org\/wiki\/Alfonso_Sastre\" target=\"_blank\">Alfonso Sastre<\/a> i de l\u2019editora i escriptora catalana <a href=\"https:\/\/ca.wikipedia.org\/wiki\/Genoveva_Forest_i_Tarrat\" target=\"_blank\">Eva Forest<\/a> i viu a Euskal Herria des dels setze anys. A escrit un munt de llibres, des de novel\u00b7les a assajos i un d\u2019ells \u00e9s el llibre <em><a href=\"http:\/\/www.elkarargitaletxea.eus\/liburuak\/default.cfm?hizkuntza=1&amp;atala=artikulua_ikusi&amp;id_produktua=G81.93026\" target=\"_blank\">Batzarra, gure gobernua<\/a><\/em>, que \u00e9s un llibre que per la tem\u00e0tica que tracta t\u00e9 molta relaci\u00f3 amb \u00abEl com\u00fa catal\u00e0\u00bb. Pablo no nom\u00e9s domina l&#8217;eusquera bat\u00faa, sin\u00f3 que tamb\u00e9 coneix una gran part de les seves varietats dialectals.<!--more--><\/p>\n<p style=\"text-align: justify;\">Us deixo amb aquesta ressenya que em va passar i que he tradu\u00eft al catal\u00e0 i el pr\u00f2xim dia aprofitar\u00e9 per publicar unes notes que em va enviar\u00a0d\u2019un altre llibre: <em>Commun. Essai sur la r\u00e9volution au XXIe si\u00e8cle<\/em>, de Pierre Dardot i Christian Laval.<\/p>\n<p style=\"text-align: justify;\"><a href=\"http:\/\/elcomu.cat\/es\/2016\/09\/27\/batzarre-el-govern-del-comu\/81ma51ohikl\/\" rel=\"attachment wp-att-568\"><img loading=\"lazy\" decoding=\"async\" class=\"aligncenter wp-image-568 size-medium\" src=\"http:\/\/www.elcomu.cat\/wp-content\/uploads\/2016\/09\/81ma51oHIKL-199x300.jpg\" alt=\"81ma51ohikl\" width=\"199\" height=\"300\" srcset=\"http:\/\/elcomu.cat\/wp-content\/uploads\/2016\/09\/81ma51oHIKL-199x300.jpg 199w, http:\/\/elcomu.cat\/wp-content\/uploads\/2016\/09\/81ma51oHIKL-768x1160.jpg 768w, http:\/\/elcomu.cat\/wp-content\/uploads\/2016\/09\/81ma51oHIKL-678x1024.jpg 678w, http:\/\/elcomu.cat\/wp-content\/uploads\/2016\/09\/81ma51oHIKL.jpg 919w\" sizes=\"(max-width: 199px) 100vw, 199px\" \/><\/a><\/p>\n<p style=\"text-align: justify;\">\u00abEn Batzarra, gure gobernua (\u00abBatzarre, el govern del com\u00fa\u00bb), explico qu\u00e8 van ser i qu\u00e8 s\u00f3n les o els batzarres (els noms comuns no tenen g\u00e8nere en basc), \u00e9s a dir, les assemblees populars basques o navarreses (enteses, aquestes assemblees, com a manera de govern dels pobles), des de temps anteriors a la monarquia, fins als nostres dies; aix\u00ed mateix, proposo (sense posar en aix\u00f2 molta \u00e8mfasi) certes vies per reprendre aquelles assemblees, com a forma de govern a part de, i en el democr\u00e0tic incomparablement superior al de les institucions de l&#8217;Estat.<\/p>\n<p style=\"text-align: justify;\">Al principi del llibre parlo breument del auzolan (treball comunitari), aix\u00ed com de les relacions de ve\u00efnatge, important\u00edssimes, les quals, al costat de les relacions familiars i amoroses, s\u00f3n base inexcusable del com\u00fa.<\/p>\n<p style=\"text-align: justify;\">El llibre consta de dues parts; la primera, dedicada pr\u00f2piament al Batzarre, es divideix en quatre cap\u00edtols petits:<\/p>\n<p style=\"text-align: justify;\">\u00abEl rei fica la seva pota en l&#8217;assemblea\u00bb on es reflecteix la irrupci\u00f3 dels reis de Iru\u00f1ea a les valls navarreses.<\/p>\n<p style=\"text-align: justify;\">\u00abEls senyors dissolen les assemblees populars\u00bb: cr\u00f2nica de la profunda crisi de l&#8217;autogovern popular en l&#8217;anomenada Edat Moderna.<\/p>\n<p style=\"text-align: justify;\">En el tercer cap\u00edtol apunto el que \u00e9s una democr\u00e0cia representativa, la qual cosa \u00e9s l&#8217;Estat; ressenyo els est\u00e8rils intents d\u2019\u00abocupar\u00bb o de \u00abreformar\u00bb l&#8217;Estat per part de certs partits. Dic en qu\u00e8 podria consistir una via revolucion\u00e0ria basca cap a la independ\u00e8ncia. \u00abProclamar-ho des de ja: som independents; la lluita, la desobedi\u00e8ncia, aquesta \u00e9s la nostra independ\u00e8ncia\u00bb.<\/p>\n<p style=\"text-align: justify;\">Precisant alguna cosa, proposo per a l&#8217;independentisme basc una estrat\u00e8gia de no-estat: una Confederaci\u00f3 de pobles bascos. \u00abEuskal Herrien Konfederazioa \u2013 per damunt o per sota de les fronteres estatals. Governs aut\u00f2noms de pobles, i inter-pobles, aut\u00f2noms fins a on ells creguin han de ser aut\u00f2noms, i sobre els quals cap estat, ni l&#8217;hipot\u00e8tic basc, ni per descomptat, Fran\u00e7a ni Espanya tindran poder algun\u00bb.<\/p>\n<p style=\"text-align: justify;\">El quart cap\u00edtol \u00e9s una introducci\u00f3 a fonaments, caracter\u00edstiques, condicions i possibilitats del Batzarre (com a forma de govern del poble) en els nostres dies.<\/p>\n<p style=\"text-align: justify;\">La segona part del llibre est\u00e0 composta de tres petits assajos sobre el com\u00fa \u2013 i \u00e9s que el m\u00e9s gran treball del batzarre no \u00e9s un altre que ampliar el com\u00fa.<\/p>\n<p style=\"text-align: justify;\">En l\u2019assaig titulat \u00abPensant el com\u00fa\u00bb, faig algunes reflexions sobre el com\u00fa contemporani \u2013 el com\u00fa, avui, \u00e9s el m\u00f3n, dic.<\/p>\n<p style=\"text-align: justify;\">En \u00abDecisions greus i dram\u00e0tiques\u00bb, parlo del dif\u00edcil que \u00e9s reduir el camp de les nostres depend\u00e8ncies, especialment del que passa quan no acceptem ser objecte de les \u00abajudes\u00bb de l&#8217;Estat.<\/p>\n<p style=\"text-align: justify;\">En el tercer assaig, tracto del \u00abpetit com\u00fa\u00bb que \u00e9s la fam\u00edlia, i d&#8217;algunes noves (i dures) maneres de ser mare&#8230;\u00bb<\/p>","protected":false},"excerpt":{"rendered":"<p>El dimarts passat, a la presentaci\u00f3 que vaig fer a Terrassa, vaig tenir un assistent molt especial, l\u2019amic i escriptor Pablo Sastre Forest, que va venir a Catalunya per passar uns dies i visitar diversos projectes basats en l\u2019economia col\u00b7lectiva i l\u2019autogovern popular. Pablo \u00e9s fill del dramaturg madrileny Alfonso Sastre i de l\u2019editora i &hellip;<\/p>","protected":false},"author":1,"featured_media":132,"comment_status":"open","ping_status":"open","sticky":false,"template":"","format":"standard","meta":{"footnotes":""},"categories":[1],"tags":[],"_links":{"self":[{"href":"http:\/\/elcomu.cat\/es\/wp-json\/wp\/v2\/posts\/567"}],"collection":[{"href":"http:\/\/elcomu.cat\/es\/wp-json\/wp\/v2\/posts"}],"about":[{"href":"http:\/\/elcomu.cat\/es\/wp-json\/wp\/v2\/types\/post"}],"author":[{"embeddable":true,"href":"http:\/\/elcomu.cat\/es\/wp-json\/wp\/v2\/users\/1"}],"replies":[{"embeddable":true,"href":"http:\/\/elcomu.cat\/es\/wp-json\/wp\/v2\/comments?post=567"}],"version-history":[{"count":3,"href":"http:\/\/elcomu.cat\/es\/wp-json\/wp\/v2\/posts\/567\/revisions"}],"predecessor-version":[{"id":571,"href":"http:\/\/elcomu.cat\/es\/wp-json\/wp\/v2\/posts\/567\/revisions\/571"}],"wp:featuredmedia":[{"embeddable":true,"href":"http:\/\/elcomu.cat\/es\/wp-json\/wp\/v2\/media\/132"}],"wp:attachment":[{"href":"http:\/\/elcomu.cat\/es\/wp-json\/wp\/v2\/media?parent=567"}],"wp:term":[{"taxonomy":"category","embeddable":true,"href":"http:\/\/elcomu.cat\/es\/wp-json\/wp\/v2\/categories?post=567"},{"taxonomy":"post_tag","embeddable":true,"href":"http:\/\/elcomu.cat\/es\/wp-json\/wp\/v2\/tags?post=567"}],"curies":[{"name":"wp","href":"https:\/\/api.w.org\/{rel}","templated":true}]}}