{"id":596,"date":"2016-10-20T18:26:47","date_gmt":"2016-10-20T18:26:47","guid":{"rendered":"http:\/\/www.elcomu.cat\/?p=596"},"modified":"2016-10-21T04:54:45","modified_gmt":"2016-10-21T04:54:45","slug":"parlament-de-catalunya-esmenes-sobre-bens-comunals-i-antigues-servituds-col%c2%b7lectives","status":"publish","type":"post","link":"http:\/\/elcomu.cat\/es\/2016\/10\/20\/parlament-de-catalunya-esmenes-sobre-bens-comunals-i-antigues-servituds-col%c2%b7lectives\/","title":{"rendered":"Parlament de Catalunya &#8211; Esmenes relacionades amb b\u00e9ns comunals i antigues servituds comunit\u00e0ries"},"content":{"rendered":"<p style=\"text-align: justify;\">Sorpresa! El <a href=\"http:\/\/www.parlament.cat\/document\/bopc\/178938.pdf\" target=\"_blank\">Butllet\u00ed Oficial del Parlament de Catalunya publicat avui <\/a>ens\u00a0informa sobre una s\u00e8rie d&#8217;esmenes a l&#8217;articulat del llibre sis\u00e8 del <a href=\"http:\/\/civil.udg.es\/normacivil\/cat\/CCC\/Index.htm\" target=\"_blank\">Codi civil de Catalunya<\/a>, relacionades amb els b\u00e9ns comunals i antigues servituds comunit\u00e0ries, que tenia el com\u00fa de ve\u00efns sobre els camps de cultiu del seu terme i que surten en el llibre <em>El Com\u00fa catal\u00e0<\/em>, com s\u00f3n els drets de redall i d&#8217;espigolar (tamb\u00e9 anomenat dret d&#8217;espigatge).<\/p>\n<p style=\"text-align: justify;\">Actualment el Codi civil catal\u00e0 t\u00e9 cinc llibres i des del 2012 est\u00e0 en marxa\u00a0\u00a0l&#8217;elaboraci\u00f3 de l&#8217;Avantprojecte de llei del <a href=\"http:\/\/justicia.gencat.cat\/web\/.content\/home\/departament\/legislacio\/projectes_i_avantprojectes_normatius\/pll_llibresisecc\/pll-propostatext_llibresisecc.pdf\" target=\"_blank\">llibre sis\u00e8 del Codi civil de Catalunya<\/a>, relatiu a les obligacions i els contractes. Fins ara l&#8217;Avantprojecte no feia refer\u00e8ncia a aquestes q\u00fcestions, per\u00f2 sembla que\u00a0s&#8217;ha despertat un cert inter\u00e8s del qual me n&#8217;alegro, vingui d&#8217;on vingui, independentment de qu\u00e8 cregui que aquesta recuperaci\u00f3 perqu\u00e8 sigui efectiva \u00a0(i afectiva) s&#8217;hagi de fer des de baix. Per\u00f2 b\u00e9, estic molt content perqu\u00e8 almenys \u00e9s una forma de rescatar de l&#8217;oblit certs usos i costums\u00a0que els nostres avantpassats\u00a0del com\u00fa van saber construir amb molt bon seny i dels quals podem aprendre molt per reprendre la creaci\u00f3 de\u00a0nous bons usos nascuts de la terra i adaptats als temps actuals.<\/p>\n<p style=\"text-align: justify;\"><a href=\"http:\/\/elcomu.cat\/es\/2016\/10\/20\/parlament-de-catalunya-esmenes-sobre-bens-comunals-i-antigues-servituds-col%c2%b7lectives\/jean-francois_millet_-_gleaners_-_google_art_project_2\/\" rel=\"attachment wp-att-605\"><img loading=\"lazy\" decoding=\"async\" class=\"size-full wp-image-605 aligncenter\" src=\"http:\/\/www.elcomu.cat\/wp-content\/uploads\/2016\/10\/Jean-Fran\u00e7ois_Millet_-_Gleaners_-_Google_Art_Project_2.jpg\" alt=\"jean-francois_millet_-_gleaners_-_google_art_project_2\" width=\"800\" height=\"599\" srcset=\"http:\/\/elcomu.cat\/wp-content\/uploads\/2016\/10\/Jean-Fran\u00e7ois_Millet_-_Gleaners_-_Google_Art_Project_2.jpg 800w, http:\/\/elcomu.cat\/wp-content\/uploads\/2016\/10\/Jean-Fran\u00e7ois_Millet_-_Gleaners_-_Google_Art_Project_2-300x225.jpg 300w, http:\/\/elcomu.cat\/wp-content\/uploads\/2016\/10\/Jean-Fran\u00e7ois_Millet_-_Gleaners_-_Google_Art_Project_2-768x575.jpg 768w\" sizes=\"(max-width: 800px) 100vw, 800px\" \/><\/a><\/p>\n<p style=\"text-align: center;\"><small>-Les espigoladores (Des glaneuses, en franc\u00e8s), \u00e9s un quadre del pintor franc\u00e8s Jean-Fran\u00e7ois Millet, que va pintar a l&#8217;oli en 1857, \u00e9s una representaci\u00f3 realista de dones &#8220;espigolant&#8221;, recollint espigues de cereals per ajudar a la subsist\u00e8ncia familiar-<\/small><\/p>\n<p style=\"text-align: justify;\"><!--more--><\/p>\n<p style=\"text-align: justify;\">Us copio aqu\u00ed les esmenes en particular i aprofito tamb\u00e9 per recordar\u00a0el\u00a0cap\u00edtol que parla del <a href=\"http:\/\/reconstruirelcomunal.net\/el-comunal-el-comu-catala\/\" target=\"_blank\">comunal<\/a>\u00a0i que es va publicar al web germ\u00e0 Reconstruir El Comunal. Sobre les servituds comunit\u00e0ries podeu trobar informaci\u00f3 al cap\u00edtol &#8220;Els diferents nivells de la cohesi\u00f3 grupal&#8221; del llibre, que podeu aconseguir\u00a0de forma lliure i gratu\u00efta en <a href=\"http:\/\/elcomu.cat\/es\/llibre-digital\/\" target=\"_blank\">format digital al web<\/a> i tamb\u00e9 en paper a diverses llibreries.<\/p>\n<p style=\"text-align: justify;\"><strong>Projecte de llei del llibre sis\u00e8 del Codi civil de Catalunya, relatiu a les obligacions i els contractes<\/strong><\/p>\n<p style=\"text-align: justify;\">200-00002\/11<\/p>\n<p style=\"text-align: justify;\">ESMENES A L\u2019ARTICULAT<\/p>\n<p style=\"text-align: justify;\">Reg. 37573; 38369; 38546; 38716; 38717; 38739 \/ Admissi\u00f3 a tr\u00e0mit: Mesa de la Comissi\u00f3 de Just\u00edcia, 18.10.2016<\/p>\n<p style=\"text-align: justify;\">GRUP PARLAMENTARI DE LA CANDIDATURA D\u2019UNITAT POPULAR &#8211; CRIDA CONSTITUENT (REG. 37573)<\/p>\n<p style=\"text-align: justify;\"><strong>A la Mesa del Parlament<\/strong><\/p>\n<p style=\"text-align: justify;\">Mireia Boya e Busquet, presidenta, Benet Salellas i Vilar, diputat del Grup Parlamentari de la Candidatura d\u2019Unitat Popular &#8211; Crida Constituent, d\u2019acord amb el que estableix l\u2019article 116 del Reglament del Parlament, presenten les seg\u00fcents esmenes a l\u2019articulat del Projecte de llei del llibre sis\u00e8 del Codi civil de Catalunya, relatiu a les obligacions i els contractes (tram. 200-00002\/11)<\/p>\n<p style=\"text-align: justify;\"><strong>Esmena 2<\/strong><\/p>\n<p style=\"text-align: justify;\">GP de la Candidatura d\u2019Unitat Popular &#8211; Crida Constituent<\/p>\n<p style=\"text-align: justify;\">D\u2019addici\u00f3 d\u2019un nou par\u00e0graf a l\u2019article 4 despr\u00e9s de l\u2019article 623-9 sobre l\u2019\u00fas i costum del bon pag\u00e8s<\/p>\n<p style=\"padding-left: 30px; text-align: justify;\">Tamb\u00e9 \u00e9s obligaci\u00f3 derivada del contracte el respecte dels drets d\u2019espigolar i de rostoll segons la tradici\u00f3. Mitjan\u00e7ant el dret d\u2019espigolar qualsevol persona pot aprofitar el camp un cop el pag\u00e8s ha finalitzat la sega i mitjan\u00e7ant el rostoll ho pot fer qualsevol ramat.<\/p>\n<p style=\"text-align: justify;\"><strong>Esmena 4<\/strong><\/p>\n<p style=\"text-align: justify;\">GP de la Candidatura d\u2019Unitat Popular &#8211; Crida Constituent<\/p>\n<p style=\"text-align: justify;\">D\u2019addici\u00f3 d\u2019un nou cap\u00edtol VII a l\u2019article 7<\/p>\n<p style=\"padding-left: 30px; text-align: justify;\">Cap\u00edtol VII. Les relacions amb els comunals<\/p>\n<p style=\"padding-left: 30px; text-align: justify;\">Secci\u00f3 primera. L\u2019aprofitament de b\u00e9ns comunals<\/p>\n<p style=\"padding-left: 30px; text-align: justify;\">Article 627-1<\/p>\n<p style=\"padding-left: 30px; text-align: justify;\">Tenen la consideraci\u00f3 de b\u00e9ns comunals aquells l\u2019aprofitament dels quals correspon al com\u00fa de ve\u00efns i ve\u00efnes d\u2019un nucli. Aquest aprofitament es fa ordin\u00e0riament en r\u00e8gim d\u2019explotaci\u00f3 comuna o col\u00b7lectiva. Quan aquest sistema no \u00e9s possible, l\u2019aprofitament s\u2019ha de regir pel costum o les ordenances locals i, en defecte d\u2019aquestes, s\u2019ha d\u2019adjudicar per lots o per sorts entre els ve\u00efns.<\/p>\n<p style=\"padding-left: 30px; text-align: justify;\">Article 627-2<\/p>\n<p style=\"padding-left: 30px; text-align: justify;\">Els b\u00e9ns comunals poden pert\u00e0nyer al conjunt del municipi quan aquest disposa d\u2019un \u00fanic nucli. Si disposa de m\u00e9s d\u2019un nucli, \u00e9s imprescindible que es trobi identificat el nucli o nuclis al qual es troba agregat el b\u00e9 comunal.<\/p>\n<p style=\"padding-left: 30px; text-align: justify;\">Article 627-3 Els beneficiaris del gaudi directe del b\u00e9 comunal s\u00f3n els ve\u00efns i ve\u00efnes d\u2019un nucli que hi resideixen habitualment. La resid\u00e8ncia habitual ve determinada pel fet d\u2019habitar en el nucli durant la majoria de dies de l\u2019any i la voluntat de romandre-hi en aquells per\u00edodes en qu\u00e8 per causes justificades se n\u2019absenten.<\/p>\n<p style=\"padding-left: 30px; text-align: justify;\">Article 627-4 Quan el b\u00e9 comunal genera un benefici pel seu \u00fas per tercer aquest ha de revertir mitjan\u00e7ant l\u2019ajuntament en el nucli al qual es troba agregat el b\u00e9 comunal.<\/p>\n<p style=\"text-align: justify;\"><strong>Esmena 5<\/strong><\/p>\n<p style=\"text-align: justify;\">GP de la Candidatura d\u2019Unitat Popular &#8211; Crida Constituent<\/p>\n<p style=\"text-align: justify;\">D\u2019addici\u00f3 d\u2019una nova disposici\u00f3 addicional tercera de l\u2019article 8<\/p>\n<p style=\"text-align: justify;\">S\u2019introdueix un nou article al Text Ref\u00f3s de la Llei Municipal i de R\u00e8gim Local de Catalunya del Decret Legislatiu 2\/2003 de 28 d\u2019abril del seg\u00fcent literal:<\/p>\n<p style=\"padding-left: 30px; text-align: justify;\">Tercera<\/p>\n<p style=\"padding-left: 30px; text-align: justify;\">Article 205 bis. Nova afectaci\u00f3 com a b\u00e9 comunal<\/p>\n<p style=\"padding-left: 30px; text-align: justify;\">Article 205 bis 1. Es pot procedir a l\u2019afectaci\u00f3 com a b\u00e9ns comunals dels b\u00e9ns immobles de naturalesa r\u00fastica si, durant el per\u00edode de vint-i-cinc anys, no han estat utilitzats en cap moment.<\/p>\n<p style=\"padding-left: 30px; text-align: justify;\">Article 205 bis 2. En aquest cas cal que aix\u00ed es constati per acord del Ple aprovat per majoria simple, amb notificaci\u00f3 personal, si \u00e9s possible, o edictal a qui consti com a propietari del b\u00e9.<\/p>\n<p style=\"padding-left: 30px; text-align: justify;\">Article 205 bis 3. Mentre no es produeixi l\u2019adquisici\u00f3 per usucapi\u00f3 per part de l\u2019Ajuntament, el propietari podr\u00e0 desafectar el b\u00e9 del seu car\u00e0cter comunal en qualsevol moment amb una comunicaci\u00f3 dirigida a la corporaci\u00f3 municipal.<\/p>\n<p style=\"text-align: justify;\"><strong>Esmena 7<\/strong><\/p>\n<p style=\"text-align: justify;\">GP de la Candidatura d\u2019Unitat Popular &#8211; Crida Constituent<\/p>\n<p style=\"text-align: justify;\">D\u2019addici\u00f3 d\u2019una nova disposici\u00f3 transit\u00f2ria setena de l\u2019article 8<\/p>\n<p style=\"padding-left: 30px; text-align: justify;\">Vuitena<\/p>\n<p style=\"padding-left: 30px; text-align: justify;\">El govern revisar\u00e0, conjuntament amb els municipis, els inventaris de b\u00e9ns municipals per tal de comprovar que els b\u00e9ns comunals hi apareixen com a tals i que a m\u00e9s s\u2019hi fa constar el nucli concret al qual es troba agregat el b\u00e9 comunal procurant-ne la deguda inscripci\u00f3 al registre.<\/p>\n<p style=\"text-align: justify;\">Palau del Parlament, 3 d\u2019octubre de 2016 Mireia Boya e Busquet, presidenta; Benet Salellas i Vilar, diputat, GP CUP-CC<\/p>","protected":false},"excerpt":{"rendered":"<p>Sorpresa! El Butllet\u00ed Oficial del Parlament de Catalunya publicat avui ens\u00a0informa sobre una s\u00e8rie d&#8217;esmenes a l&#8217;articulat del llibre sis\u00e8 del Codi civil de Catalunya, relacionades amb els b\u00e9ns comunals i antigues servituds comunit\u00e0ries, que tenia el com\u00fa de ve\u00efns sobre els camps de cultiu del seu terme i que surten en el llibre El &hellip;<\/p>","protected":false},"author":1,"featured_media":132,"comment_status":"open","ping_status":"open","sticky":false,"template":"","format":"standard","meta":{"footnotes":""},"categories":[1],"tags":[],"_links":{"self":[{"href":"http:\/\/elcomu.cat\/es\/wp-json\/wp\/v2\/posts\/596"}],"collection":[{"href":"http:\/\/elcomu.cat\/es\/wp-json\/wp\/v2\/posts"}],"about":[{"href":"http:\/\/elcomu.cat\/es\/wp-json\/wp\/v2\/types\/post"}],"author":[{"embeddable":true,"href":"http:\/\/elcomu.cat\/es\/wp-json\/wp\/v2\/users\/1"}],"replies":[{"embeddable":true,"href":"http:\/\/elcomu.cat\/es\/wp-json\/wp\/v2\/comments?post=596"}],"version-history":[{"count":13,"href":"http:\/\/elcomu.cat\/es\/wp-json\/wp\/v2\/posts\/596\/revisions"}],"predecessor-version":[{"id":610,"href":"http:\/\/elcomu.cat\/es\/wp-json\/wp\/v2\/posts\/596\/revisions\/610"}],"wp:featuredmedia":[{"embeddable":true,"href":"http:\/\/elcomu.cat\/es\/wp-json\/wp\/v2\/media\/132"}],"wp:attachment":[{"href":"http:\/\/elcomu.cat\/es\/wp-json\/wp\/v2\/media?parent=596"}],"wp:term":[{"taxonomy":"category","embeddable":true,"href":"http:\/\/elcomu.cat\/es\/wp-json\/wp\/v2\/categories?post=596"},{"taxonomy":"post_tag","embeddable":true,"href":"http:\/\/elcomu.cat\/es\/wp-json\/wp\/v2\/tags?post=596"}],"curies":[{"name":"wp","href":"https:\/\/api.w.org\/{rel}","templated":true}]}}