{"id":646,"date":"2016-12-18T14:15:13","date_gmt":"2016-12-18T14:15:13","guid":{"rendered":"http:\/\/www.elcomu.cat\/?p=646"},"modified":"2016-12-18T15:22:15","modified_gmt":"2016-12-18T15:22:15","slug":"bones-festes-del-solstici-dhivern-bon-nadal","status":"publish","type":"post","link":"http:\/\/elcomu.cat\/es\/2016\/12\/18\/bones-festes-del-solstici-dhivern-bon-nadal\/","title":{"rendered":"Bones festes del solstici d\u2019hivern! Bon Nadal!"},"content":{"rendered":"<p style=\"text-align: justify;\">Ara que s\u2019apropa el solstici d\u2019hivern i que arriben les celebracions nadalenques us volia parlar d\u2019una festa precristiana d\u2019aquest solstici que va estar arrelada a molts pobles de Catalunya i que ara nom\u00e9s mantenen la vila de Bag\u00e0 i el poble de Sant Juli\u00e0 de Cerdanyola, a l\u2019Alt Bergued\u00e0. \u00c9s la festa tradicional de la <strong>Fia-Faia<\/strong> que se celebra el capvespre de la nit de Nadal, que he conegut a trav\u00e9s del llibre \u00abLa Fia-faia: ancestral, m\u00e0gica, \u00fanica\u00bb de l\u2019historiador Xavier Pedrals i Costa. Aquesta festa fou declarada festa patrimonial d&#8217;inter\u00e8s nacional per la Generalitat de Catalunya l\u2019any 2010 i l\u2019any 2015 la UNESCO la va declarar Patrimoni de la Humanitat.<!--more--><\/p>\n<p style=\"text-align: justify;\">I no \u00e9s casualitat que aquesta tradici\u00f3 s\u2019hagi pogut mantenir durant mil\u00b7lennis en llocs com per exemple Bag\u00e0, ja que \u00e9s un dels llocs de la prov\u00edncia de Barcelona, com diu el mateix Xavier Pedrals, on m\u00e9s b\u00e9ns comunals existeixen actualment. Imagineu quina consci\u00e8ncia de conservaci\u00f3 han de tenir els seus habitants per haver aconseguit preservar el seu comunal i altres costums a la prov\u00edncia on es va avan\u00e7ar abans l\u2019espoliaci\u00f3 de terres del com\u00fa de ve\u00efns.<\/p>\n<p style=\"text-align: justify;\">La festa, que s&#8217;anuncia a toc de corn, consisteix en la crema d\u2019unes torxes anomenades faies la nit de Nadal, coincidint amb el crepuscle. Les faies es fan amb feixos d\u2019una herba que cient\u00edficament s\u2019anomena <em>cephalaria leucantha<\/em> i que se sol recollir per Sant Mart\u00ed, al novembre. Aquestes torxes fan una llargada entre el metre i mig i els tres metres i el seu di\u00e0metre \u00e9s d\u2019uns vint-i-cinc cent\u00edmetres. La confecci\u00f3 de les faies requereix una certa habilitat i la solen fer els avis que tamb\u00e9 ensenyen aquesta tradici\u00f3 al jovent. El nom de Fia-Faia, en la parla de l\u2019Alt Bergued\u00e0, es correspondria amb \u00abFer Falles\u00bb.<\/p>\n<p style=\"text-align: justify;\"><a href=\"http:\/\/elcomu.cat\/es\/2016\/12\/18\/bones-festes-del-solstici-dhivern-bon-nadal\/31989_cat_escala_800_535\/\" rel=\"attachment wp-att-648\"><img loading=\"lazy\" decoding=\"async\" class=\"size-full wp-image-648 aligncenter\" src=\"http:\/\/www.elcomu.cat\/wp-content\/uploads\/2016\/12\/31989_cat_ESCALA_800_535.jpeg\" alt=\"31989_cat_escala_800_535\" width=\"800\" height=\"535\" srcset=\"http:\/\/elcomu.cat\/wp-content\/uploads\/2016\/12\/31989_cat_ESCALA_800_535.jpeg 800w, http:\/\/elcomu.cat\/wp-content\/uploads\/2016\/12\/31989_cat_ESCALA_800_535-300x201.jpeg 300w, http:\/\/elcomu.cat\/wp-content\/uploads\/2016\/12\/31989_cat_ESCALA_800_535-768x514.jpeg 768w\" sizes=\"(max-width: 800px) 100vw, 800px\" \/><\/a><\/p>\n<p style=\"text-align: justify;\">Aquesta tradici\u00f3, com he dit, \u00e9s una festa de celebraci\u00f3 del solstici d\u2019hivern, un ritual de culte al Sol que seguien els pobles preromans amb base agr\u00edcola o ramadera, com \u00e9s el cas dels pobles de la nostra \u00e0rea geogr\u00e0fica des d\u2019antic. L\u2019objectiu d\u2019encendre fogueres era ajudar a la recuperaci\u00f3 i el creixement dels dies, portant el foc del Sol des del punt m\u00e9s alt fins a les poblacions.<\/p>\n<p style=\"text-align: justify;\">A Bag\u00e0 i Sant Juli\u00e0 de Cerdanyola, la crema se sol efectuar a la pla\u00e7a, per\u00f2 fins a arribar all\u00e0 els nens fan un espectacular recorregut transportant les faies pels camins que porten del dalt de la muntanya al lloc de la crema. En el cas de Bag\u00e0 l\u2019inici del recorregut \u00e9s la muntanya del Siti, i la baixada des del Clos, a Sant Juli\u00e0 de Cerdanyola. A Bag\u00e0, en acabar es menja coca amb allioli de codony i a Sant Juli\u00e0 de Cerdanyola es fa un \u00e0pat comunitari i mentre es juga a l&#8217;<em>endre\u00e7a<\/em> (un joc del jovent) s&#8217;espera a la sortida del Sol.<\/p>\n<p style=\"text-align: justify;\"><a href=\"http:\/\/elcomu.cat\/es\/2016\/12\/18\/bones-festes-del-solstici-dhivern-bon-nadal\/fiafaia\/\" rel=\"attachment wp-att-647\"><img loading=\"lazy\" decoding=\"async\" class=\"size-full wp-image-647 aligncenter\" src=\"http:\/\/www.elcomu.cat\/wp-content\/uploads\/2016\/12\/fiafaia.jpeg\" alt=\"fiafaia\" width=\"777\" height=\"409\" srcset=\"http:\/\/elcomu.cat\/wp-content\/uploads\/2016\/12\/fiafaia.jpeg 777w, http:\/\/elcomu.cat\/wp-content\/uploads\/2016\/12\/fiafaia-300x158.jpeg 300w, http:\/\/elcomu.cat\/wp-content\/uploads\/2016\/12\/fiafaia-768x404.jpeg 768w\" sizes=\"(max-width: 777px) 100vw, 777px\" \/><\/a><\/p>\n<p style=\"text-align: justify;\">Aquestes celebracions estaven fortament arrelades a les poblacions i l\u2019Imperi rom\u00e0 i despr\u00e9s el cristianisme va integrar aquests antics cultes a la seva pr\u00f2pia lit\u00fargia, que es va mantenir de manera m\u00e9s genu\u00efna als territoris on la romanitzaci\u00f3 i cristianitzaci\u00f3 va ser menor. Segons explica Pedrals, es creu tamb\u00e9 que una de les raons per a situar la celebraci\u00f3 del Nadal el 25 de desembre va ser substituir el mitraisme, ja que precisament la <em>mitricana<\/em>, important cerim\u00f2nia d\u2019aquesta religi\u00f3, se celebrava en aquesta data. Mitra era el deu que tenia la funci\u00f3 de donar vida a la vegetaci\u00f3, un deu solar.<\/p>\n<p style=\"text-align: justify;\"><iframe loading=\"lazy\" src=\"https:\/\/www.youtube.com\/embed\/j4WRcGLM0mk\" width=\"560\" height=\"315\" frameborder=\"0\" allowfullscreen=\"allowfullscreen\"><\/iframe><\/p>\n<p style=\"text-align: justify;\">Abans hi havia moltes poblacions catalanes que encenien focs per Nadal i no eren \u00fanicament pirinenques, per\u00f2 aix\u00f2 s\u2019ha anat perdent menys en aquestes dues poblacions, que com els gals d\u2019Ast\u00e8rix i Ob\u00e8lix, en alguns aspectes continuen resistint-se a l\u2019influx de la teoria del progr\u00e9s al segle XXI. Han sabut adaptar aquesta tradici\u00f3 als nous temps i una de les coses m\u00e9s al\u00b7lucinants que fan per conservar la seva tradici\u00f3 \u00e9s intentar conservar el sistema de transmissi\u00f3 dels costums que existia abans. Antigament aquesta tradici\u00f3 es transmetia d\u2019avis a petits, per\u00f2 ara els avis no conviuen a la mateixa casa que els nens, l\u2019estructura familiar est\u00e0 canviant i els nens reben el coneixement sobretot a trav\u00e9s de l\u2019escola. Que han fet a Bag\u00e0? Inicialment els avis del Club de Jubilats Sant Jordi anaven a l\u2019escola per ensenyar a fer faies als nens, per\u00f2 \u00faltimament \u00e9s la mainada la qui va a la Llar d\u2019Avis i marxen amb les seves fies-faies ja fetes. A parer meu, un gran encert.<\/p>\n<p style=\"text-align: justify;\">B\u00e9, fins a una altra. Bones festes del solstici d\u2019hivern! Bon Nadal!<\/p>","protected":false},"excerpt":{"rendered":"<p>Ara que s\u2019apropa el solstici d\u2019hivern i que arriben les celebracions nadalenques us volia parlar d\u2019una festa precristiana d\u2019aquest solstici que va estar arrelada a molts pobles de Catalunya i que ara nom\u00e9s mantenen la vila de Bag\u00e0 i el poble de Sant Juli\u00e0 de Cerdanyola, a l\u2019Alt Bergued\u00e0. \u00c9s la festa tradicional de la &hellip;<\/p>","protected":false},"author":1,"featured_media":132,"comment_status":"open","ping_status":"open","sticky":false,"template":"","format":"standard","meta":{"footnotes":""},"categories":[1],"tags":[],"_links":{"self":[{"href":"http:\/\/elcomu.cat\/es\/wp-json\/wp\/v2\/posts\/646"}],"collection":[{"href":"http:\/\/elcomu.cat\/es\/wp-json\/wp\/v2\/posts"}],"about":[{"href":"http:\/\/elcomu.cat\/es\/wp-json\/wp\/v2\/types\/post"}],"author":[{"embeddable":true,"href":"http:\/\/elcomu.cat\/es\/wp-json\/wp\/v2\/users\/1"}],"replies":[{"embeddable":true,"href":"http:\/\/elcomu.cat\/es\/wp-json\/wp\/v2\/comments?post=646"}],"version-history":[{"count":6,"href":"http:\/\/elcomu.cat\/es\/wp-json\/wp\/v2\/posts\/646\/revisions"}],"predecessor-version":[{"id":654,"href":"http:\/\/elcomu.cat\/es\/wp-json\/wp\/v2\/posts\/646\/revisions\/654"}],"wp:featuredmedia":[{"embeddable":true,"href":"http:\/\/elcomu.cat\/es\/wp-json\/wp\/v2\/media\/132"}],"wp:attachment":[{"href":"http:\/\/elcomu.cat\/es\/wp-json\/wp\/v2\/media?parent=646"}],"wp:term":[{"taxonomy":"category","embeddable":true,"href":"http:\/\/elcomu.cat\/es\/wp-json\/wp\/v2\/categories?post=646"},{"taxonomy":"post_tag","embeddable":true,"href":"http:\/\/elcomu.cat\/es\/wp-json\/wp\/v2\/tags?post=646"}],"curies":[{"name":"wp","href":"https:\/\/api.w.org\/{rel}","templated":true}]}}