{"id":847,"date":"2017-12-31T11:12:02","date_gmt":"2017-12-31T11:12:02","guid":{"rendered":"http:\/\/www.elcomu.cat\/?p=847"},"modified":"2017-12-31T11:12:02","modified_gmt":"2017-12-31T11:12:02","slug":"leconomia-moral-de-la-multitud-a-dancing-catalans","status":"publish","type":"post","link":"http:\/\/elcomu.cat\/es\/2017\/12\/31\/leconomia-moral-de-la-multitud-a-dancing-catalans\/","title":{"rendered":"L&#8217;economia moral de la multitud a DANCING CATALANS"},"content":{"rendered":"<p style=\"text-align: justify;\">Un dels efectes de l&#8217;economia moral de la multitud era la influ\u00e8ncia de valors morals en el preu dels productes, en lloc d&#8217;un mercat on els preus s&#8217;ajusten segons les lleis de l&#8217;oferta i de la demanda. Vet aqu\u00ed un exemple de comen\u00e7aments del segle XX a Catalunya i el contrast amb els nous costums que arribaven pel pes del lliure mercat capitalista.<\/p>\n<p style=\"text-align: justify;\">Fragment de <em>DANCING CATALANS<\/em> de John Langdon-Davies (Eshowe, Zululand (Sud-\u00e0frica), 18 de mar\u00e7 de 1897 \u2013 Shoreham, Kent (Anglaterra), 5 de desembre de 1971), periodista, corresponsal de guerra, escriptor i promotor cultural catal\u00e0. Edici\u00f3 original de l&#8217;any 1929 (Langdon-Davies va viure a Catalunya, fugint de la civilitzaci\u00f3 de les m\u00e0quines, com ell mateix va dir).<!--more--><\/p>\n<p style=\"text-align: center;\"><a href=\"http:\/\/elcomu.cat\/es\/2017\/12\/31\/leconomia-moral-de-la-multitud-a-dancing-catalans\/reg88851-arx\/\" rel=\"attachment wp-att-848\"><img loading=\"lazy\" decoding=\"async\" class=\"alignnone size-full wp-image-848 aligncenter\" src=\"http:\/\/www.elcomu.cat\/wp-content\/uploads\/2017\/12\/reg88851-arx.jpg\" alt=\"reg8885,1 arx\" width=\"1417\" height=\"975\" srcset=\"http:\/\/elcomu.cat\/wp-content\/uploads\/2017\/12\/reg88851-arx.jpg 1417w, http:\/\/elcomu.cat\/wp-content\/uploads\/2017\/12\/reg88851-arx-300x206.jpg 300w, http:\/\/elcomu.cat\/wp-content\/uploads\/2017\/12\/reg88851-arx-768x528.jpg 768w, http:\/\/elcomu.cat\/wp-content\/uploads\/2017\/12\/reg88851-arx-1024x705.jpg 1024w\" sizes=\"(max-width: 1417px) 100vw, 1417px\" \/><\/a><small><cite>-AMSFG. Fons Cooperativa Santos Boada. Autor desconegut-<\/cite><\/small><\/p>\n<p style=\"text-align: justify;\">\u00abHi anem a comprar una lliura de caf\u00e8; el botiguer i la mare estan asseguts en cadires de v\u00edmet, parlant amb un client; acosten m\u00e9s cadires i tamb\u00e9 hi seiem; parlem del temps, de la bellesa de les criatures angleses, dels nostres progressos amb la llengua catalana i, com sempre, de les difer\u00e8ncies entre la vida aqu\u00ed i a l&#8217;estranger. M\u00e9s que no pas clients en una botiga, tenim la sensaci\u00f3 d&#8217;estar de visita en una casa particular. Fins i tot, d&#8217;una botiga se&#8217;n diu \u00abCan&#8230;\u00bb i no pas \u00abBotiga\u00bb. Som al rebedor d&#8217;una casa particular i no en un magatzem comercial, tot i els taulells, vitrines, caixes enregistradores, balances, papers i cordills que ens envolten; al fons, hi deu haver una cuina i un menjador, a dalt, dormitoris. A m\u00e9s a m\u00e9s, aquesta \u00e9s una adrogueria prou gran, digna d&#8217;un poble de deu mil habitants a Anglaterra o els Estats Units. A fora, l&#8217;avi mol caf\u00e8 i fuma un cigar; a dins, som convidats. Sobre el taulell, hi ha un gran pot de caramels i tots els nens que hi vagin a comprar uns quants c\u00e8ntims de queviures tamb\u00e9 reben un regal per a ells. \u00c9s clar que, aqu\u00ed, per comprar es triga m\u00e9s que a Anglaterra o els Estats Units; no podem entrar, comprar i sortir corrents, ja que llavors quedaria pal\u00e8s que pens\u00e0vem m\u00e9s en una transacci\u00f3 que en l&#8217;amistat, que valor\u00e0vem les coses que compr\u00e0vem per damunt dels qui ens les venien.<\/p>\n<p style=\"text-align: justify;\">En alguns dels aparadors m\u00e9s moderns i m\u00e9s progressistes del nostre poble, es veuen cartells que anuncien \u00abprecios fijos\u00bb i aix\u00f2 no \u00e9s tan sols un senyal d&#8217;honestedat en el comer\u00e7 o d&#8217;un sentir assenyat del negoci, sin\u00f3 tamb\u00e9 de la transici\u00f3 del vell al nou. Vol dir que el propietari, un home jove, segurament, dels que solen anar a Am\u00e8rica \u2013 no em sembla que tingui gaire afecci\u00f3 envers casa seva o les seves tradicions, ja que fa servir el castell\u00e0 en lloc del catal\u00e0 -, ha apr\u00e8s a plantejar-se la botiga d&#8217;una altra manera: compra a l&#8217;engr\u00f2s i ven al detall; el seu objectiu \u00e9s el benefici i tots els clients li s\u00f3n id\u00e8ntics; \u00e9s un exemple de la nova vida que inevitablement escombrar\u00e0 la vella. Perqu\u00e8 el plantejament d&#8217;abans era diferent, la botiga era aquella part de la casa on es venien les coses que s&#8217;havien preparat en una altra part de la casa i que normalment es venien als amics de la fam\u00edlia. Aix\u00ed, si un desconegut hi entrava a comprar, seria poc natural i gaireb\u00e9 indecent cobrar-li igual que als coneguts; ell tampoc s&#8217;ho esperaria. \u00abPreus fixos!\u00bb Per qu\u00e8 s&#8217;ha de cobrar igual als amics i als parents que a qualsevol foraster? All\u00e0 on els preus s\u00f3n fixos, vol dir que el temps s&#8217;ha convertit en or i el negoci en negoci.<\/p>\n<p style=\"text-align: justify;\">D&#8217;aquesta manera, lentament per\u00f2 inevitablement, en substituir la seva barretina amb un capell cosmopolita, en Pere no tan sols canvia d&#8217;aspecte, sin\u00f3 tamb\u00e9 de sentiments, desitjos, gustos i interessos. M\u00e9s que aix\u00f2, canvia la mateixa naturalesa del temps i de l&#8217;espai. El temps, el considerem en funci\u00f3 de rellotges, de les hores que van tocant, m\u00e9s que no pas pel silenci\u00f3s degoteig continu que les separa. Creiem que el nostre punt de vista \u00e9s l&#8217;\u00fanic possible: el temps \u00e9s or; quan hagi tocat l&#8217;hora vuit vegades, s&#8217;haur\u00e0 acabat la jornada: mitja hora \u00e9s un concepte tan poc prec\u00eds com ara tres o quatre taronges. Per\u00f2, si preguntes el cam\u00ed a un pag\u00e8s, et dir\u00e0 que queda \u00abmitja horeta\u00bb o \u00abuna mitja hora llarga\u00bb a peu per arribar al teu dest\u00ed. El temps i l&#8217;espai depenen de la manera que els veus, no \u00e9s res m\u00e9s que una convenci\u00f3 que ens porta a numerar-los mentre van passant. \u00abEls negres que viuen m\u00e9s a l&#8217;interior del pa\u00eds\u00bb, ens diu un explorador, \u00abdistingeixen entre el pas del temps alegre i trist. Hi ha zones on el llarg temps alegre dura dinou dies i el petit, set; entre aquestes dues \u00e8poques, comptes set dies de mala sort i aquests realment s\u00f3n dies de festa perqu\u00e8 aleshores no viatgen, ni comencen cap campanya, ni fan res d&#8217;important, sin\u00f3 que es queden tranquils a casa sense fer res.\u00bb Alguna cosa d&#8217;aquesta mena, encara la senten els sardanistes, per\u00f2 a mesura que en Pere es decanta cada cop m\u00e9s pel seu capell cosmopolita, el concepte del temps canviar\u00e0 i les jornades de vuit hores se seguiran de forma implacable per sempre m\u00e9s, sortosament interrompudes pel s\u00e0bat de tant en tant.<\/p>\n<p style=\"text-align: justify;\">Per\u00f2 malgrat tots aquests canvis i aquestes possibilitats, la sardana es mant\u00e9, i per dues raons. Primerament, perqu\u00e8 \u00e9s m\u00e9s antiga i m\u00e9s essencial que els canvis; un costum que entusiasmava als homes i les noies abans que Homer es qued\u00e9s cec no es pot destruir f\u00e0cilment. Segon, perqu\u00e8 els nacionalistes catalans no poden oblidar el seu valor com a s\u00edmbol: mentre es pugui dir que Catalunya \u00e9s una naci\u00f3 oprimida, el nacionalisme i l&#8217;entusiasme per a les tradicions seran elements poderosos. La sardana, efectivament, \u00e9s la sublimaci\u00f3 del sentiment separatista que ni Primo de Rivera no pot suprimir.<\/p>\n<p style=\"text-align: justify;\">I hi ha una altra cosa que cal remarcar: encara que, gr\u00e0cies a en Pere, aquell poble ambrat ja no tingui la mateixa unitat d&#8217;abans, continua essent una trinitat unida: des de les cases antigues, la nova d&#8217;en Pere i les noves dels treballadors de la f\u00e0brica, van els fills i les filles a donar-se les mans i ballar sardanes. \u00c9s probable que en un futur lluny\u00e0 aquest ja no sigui el cas, que s&#8217;aixequin barreres socials, fins que se&#8217;ns presenti una situaci\u00f3 com la que ha donat lloc a l&#8217;arquitectura hispanofloridiana i la hispanocaliforniana. \u00c9s clar que aquest extrem significa la mort i la negaci\u00f3 de la democr\u00e0cia, i es d\u00f3na quan el m\u00f3n \u2013 l&#8217;antic poble d&#8217;en Pere, en aquest cas- queda tan deformat per la ind\u00fastria que els m\u00e9s afortunats se&#8217;n van a viure lluny del lloc on es guanyen els diners.\u00bb<\/p>","protected":false},"excerpt":{"rendered":"<p>Un dels efectes de l&#8217;economia moral de la multitud era la influ\u00e8ncia de valors morals en el preu dels productes, en lloc d&#8217;un mercat on els preus s&#8217;ajusten segons les lleis de l&#8217;oferta i de la demanda. Vet aqu\u00ed un exemple de comen\u00e7aments del segle XX a Catalunya i el contrast amb els nous costums &hellip;<\/p>","protected":false},"author":1,"featured_media":132,"comment_status":"open","ping_status":"open","sticky":false,"template":"","format":"standard","meta":{"footnotes":""},"categories":[1],"tags":[],"_links":{"self":[{"href":"http:\/\/elcomu.cat\/es\/wp-json\/wp\/v2\/posts\/847"}],"collection":[{"href":"http:\/\/elcomu.cat\/es\/wp-json\/wp\/v2\/posts"}],"about":[{"href":"http:\/\/elcomu.cat\/es\/wp-json\/wp\/v2\/types\/post"}],"author":[{"embeddable":true,"href":"http:\/\/elcomu.cat\/es\/wp-json\/wp\/v2\/users\/1"}],"replies":[{"embeddable":true,"href":"http:\/\/elcomu.cat\/es\/wp-json\/wp\/v2\/comments?post=847"}],"version-history":[{"count":2,"href":"http:\/\/elcomu.cat\/es\/wp-json\/wp\/v2\/posts\/847\/revisions"}],"predecessor-version":[{"id":850,"href":"http:\/\/elcomu.cat\/es\/wp-json\/wp\/v2\/posts\/847\/revisions\/850"}],"wp:featuredmedia":[{"embeddable":true,"href":"http:\/\/elcomu.cat\/es\/wp-json\/wp\/v2\/media\/132"}],"wp:attachment":[{"href":"http:\/\/elcomu.cat\/es\/wp-json\/wp\/v2\/media?parent=847"}],"wp:term":[{"taxonomy":"category","embeddable":true,"href":"http:\/\/elcomu.cat\/es\/wp-json\/wp\/v2\/categories?post=847"},{"taxonomy":"post_tag","embeddable":true,"href":"http:\/\/elcomu.cat\/es\/wp-json\/wp\/v2\/tags?post=847"}],"curies":[{"name":"wp","href":"https:\/\/api.w.org\/{rel}","templated":true}]}}