{"id":868,"date":"2018-03-18T15:26:57","date_gmt":"2018-03-18T15:26:57","guid":{"rendered":"http:\/\/www.elcomu.cat\/?p=868"},"modified":"2018-03-18T15:32:08","modified_gmt":"2018-03-18T15:32:08","slug":"komun-assemblearisme-i-comunalisme-populars-a-euskal-herria","status":"publish","type":"post","link":"http:\/\/elcomu.cat\/es\/2018\/03\/18\/komun-assemblearisme-i-comunalisme-populars-a-euskal-herria\/","title":{"rendered":"KOMUN, Assemblearisme i Comunalisme Populars a Euskal Herria"},"content":{"rendered":"<p>El Col\u00b7lectiu Bauma, un col\u00b7lectiu editorial i d&#8217;arts gr\u00e0fiques, ha iniciat una campanya de micromecenatge per publicar el llibre &#8220;KOMUN, Assemblearisme i Comunalisme Populars a Euskal Herria&#8221; de <a href=\"http:\/\/aunamendi.eusko-ikaskuntza.eus\/es\/sastre-forest-pablo\/ar-107601\/\" target=\"_blank\">Pablo Sastre Forest<\/a>, en el que he tingut el plaer d&#8217;escriure el seu pr\u00f2leg.<!--more--><\/p>\n<p>El llibre \u00e9s interessant\u00edssim: parla de la necessitat de l&#8217;assemblea i el com\u00fa per superar l&#8217;actual sistema, suggerint pr\u00e0ctiques aplicables ara i buscant referents en el passat i present d&#8217;Euskal Herria que tamb\u00e9 s\u00f3n aplicables a Catalunya, de fet en el pr\u00f2leg es parla d&#8217;aquests punts en com\u00fa entre els dos pobles.<\/p>\n<p>Ens ajudeu a fer-ne difusi\u00f3? Gr\u00e0cies!<\/p>\n<p>Link de campanya: <a href=\"http:\/\/vkm.is\/komun\" data-cke-saved-href=\"http:\/\/vkm.is\/komun\">http:\/\/vkm.is\/komun<\/a><br \/>\nHashtag: #Komun<br \/>\nCompte de refer\u00e8ncia a Twitter: <a href=\"https:\/\/twitter.com\/Col_lectiuBauma\" data-cke-saved-href=\"https:\/\/twitter.com\/Col_lectiuBauma\">@Col_lectiuBauma<\/a><br \/>\nCompte de refer\u00e8ncia a Facebook: <a href=\"https:\/\/www.facebook.com\/colectiubauma\" data-cke-saved-href=\"https:\/\/www.facebook.com\/colectiubauma\">https:\/\/www.facebook.com\/colectiubauma<\/a><\/p>\n<p><a href=\"http:\/\/elcomu.cat\/es\/2018\/03\/18\/komun-assemblearisme-i-comunalisme-populars-a-euskal-herria\/komun\/\" rel=\"attachment wp-att-869\"><img loading=\"lazy\" decoding=\"async\" class=\"alignnone size-large wp-image-869\" src=\"http:\/\/www.elcomu.cat\/wp-content\/uploads\/2018\/03\/komun-1024x1024.jpg\" alt=\"komun\" width=\"620\" height=\"620\" srcset=\"http:\/\/elcomu.cat\/wp-content\/uploads\/2018\/03\/komun-1024x1024.jpg 1024w, http:\/\/elcomu.cat\/wp-content\/uploads\/2018\/03\/komun-150x150.jpg 150w, http:\/\/elcomu.cat\/wp-content\/uploads\/2018\/03\/komun-300x300.jpg 300w, http:\/\/elcomu.cat\/wp-content\/uploads\/2018\/03\/komun-768x768.jpg 768w, http:\/\/elcomu.cat\/wp-content\/uploads\/2018\/03\/komun.jpg 1398w\" sizes=\"(max-width: 620px) 100vw, 620px\" \/><\/a><\/p>","protected":false},"excerpt":{"rendered":"<p>El Col\u00b7lectiu Bauma, un col\u00b7lectiu editorial i d&#8217;arts gr\u00e0fiques, ha iniciat una campanya de micromecenatge per publicar el llibre &#8220;KOMUN, Assemblearisme i Comunalisme Populars a Euskal Herria&#8221; de Pablo Sastre Forest, en el que he tingut el plaer d&#8217;escriure el seu pr\u00f2leg.<\/p>","protected":false},"author":1,"featured_media":132,"comment_status":"open","ping_status":"open","sticky":false,"template":"","format":"standard","meta":{"footnotes":""},"categories":[1],"tags":[],"_links":{"self":[{"href":"http:\/\/elcomu.cat\/es\/wp-json\/wp\/v2\/posts\/868"}],"collection":[{"href":"http:\/\/elcomu.cat\/es\/wp-json\/wp\/v2\/posts"}],"about":[{"href":"http:\/\/elcomu.cat\/es\/wp-json\/wp\/v2\/types\/post"}],"author":[{"embeddable":true,"href":"http:\/\/elcomu.cat\/es\/wp-json\/wp\/v2\/users\/1"}],"replies":[{"embeddable":true,"href":"http:\/\/elcomu.cat\/es\/wp-json\/wp\/v2\/comments?post=868"}],"version-history":[{"count":4,"href":"http:\/\/elcomu.cat\/es\/wp-json\/wp\/v2\/posts\/868\/revisions"}],"predecessor-version":[{"id":873,"href":"http:\/\/elcomu.cat\/es\/wp-json\/wp\/v2\/posts\/868\/revisions\/873"}],"wp:featuredmedia":[{"embeddable":true,"href":"http:\/\/elcomu.cat\/es\/wp-json\/wp\/v2\/media\/132"}],"wp:attachment":[{"href":"http:\/\/elcomu.cat\/es\/wp-json\/wp\/v2\/media?parent=868"}],"wp:term":[{"taxonomy":"category","embeddable":true,"href":"http:\/\/elcomu.cat\/es\/wp-json\/wp\/v2\/categories?post=868"},{"taxonomy":"post_tag","embeddable":true,"href":"http:\/\/elcomu.cat\/es\/wp-json\/wp\/v2\/tags?post=868"}],"curies":[{"name":"wp","href":"https:\/\/api.w.org\/{rel}","templated":true}]}}